{"id":8549,"date":"2023-05-18T16:00:12","date_gmt":"2023-05-18T21:00:12","guid":{"rendered":"https:\/\/www.cadena.com.co\/?p=8549"},"modified":"2025-03-19T20:37:21","modified_gmt":"2025-03-20T01:37:21","slug":"la-sostenibilidad-una-aliada-para-sobrevivir-al-futuro","status":"publish","type":"post","link":"https:\/\/www.cadena.com.co\/en\/la-sostenibilidad-una-aliada-para-sobrevivir-al-futuro\/","title":{"rendered":"La sostenibilidad: una aliada para sobrevivir al futuro"},"content":{"rendered":"\t\t<div data-elementor-type=\"wp-post\" data-elementor-id=\"8549\" class=\"elementor elementor-8549\" data-elementor-post-type=\"post\">\n\t\t\t\t\t\t<section class=\"elementor-section elementor-top-section elementor-element elementor-element-d54748d elementor-section-boxed elementor-section-height-default elementor-section-height-default\" data-id=\"d54748d\" data-element_type=\"section\" data-e-type=\"section\" data-settings=\"{&quot;jet_parallax_layout_list&quot;:[]}\">\n\t\t\t\t\t\t<div class=\"elementor-container elementor-column-gap-default\">\n\t\t\t\t\t<div class=\"elementor-column elementor-col-100 elementor-top-column elementor-element elementor-element-9a7ef47\" data-id=\"9a7ef47\" data-element_type=\"column\" data-e-type=\"column\">\n\t\t\t<div class=\"elementor-widget-wrap elementor-element-populated\">\n\t\t\t\t\t\t<div class=\"elementor-element elementor-element-0b18121 texto-blog elementor-widget elementor-widget-text-editor\" data-id=\"0b18121\" data-element_type=\"widget\" data-e-type=\"widget\" data-widget_type=\"text-editor.default\">\n\t\t\t\t<div class=\"elementor-widget-container\">\n\t\t\t\t\t\t\t\t\t<p><strong>La sostenibilidad debe ser una estrategia transversal a la compa\u00f1\u00eda, esta es la forma en la que las empresas realizan inversiones inteligentes e impactos, no solo econ\u00f3micos, sino ambientales y sociales.<\/strong><\/p><p>La <strong>sostenibilidad empresarial<\/strong> se ha transformado al ritmo de los cambios en las din\u00e1micas corporativas alrededor del mundo y en c\u00f3mo estas incorporan en sus estrategias, temas sociales, ambientales y econ\u00f3micos que facilitan la atracci\u00f3n de los grupos de inter\u00e9s.<\/p><p>\u201cHemos evolucionado el concepto de sostenibilidad hacia una visi\u00f3n m\u00e1s rom\u00e1ntica, que no solo debe mirarse desde la palabra en s\u00ed, sino desde las acciones que d\u00eda a d\u00eda se realizan en las compa\u00f1\u00edas para darle una mirada general que permita generar confianza con los grupos de inter\u00e9s\u201d, expresa Juan Luis Botero Jaramillo, Gerente General y cofundador de Contreebute.<\/p><p><strong><a href=\"https:\/\/www.cadena.com.co\/hacia-donde-va-el-futuro-con-la-inteligencia-artificial\/\" target=\"_blank\" rel=\"noopener\">Tambi\u00e9n te puede interesar:\u00a0 \u00bfHacia d\u00f3nde va el futuro con la inteligencia artificial?<\/a><\/strong><\/p><h2><strong>\u00bfPor qu\u00e9 hoy la sostenibilidad es m\u00e1s importante que nunca?<\/strong><\/h2><p>Juan Luis Botero Jaramillo, Gerente General y cofundador de Contreebute, nos comparte un an\u00e1lisis de los <strong>5 motivos por los que las organizaciones deben implementar la sostenibilidad como estrategia de comunicaci\u00f3n apalancada por la tecnolog\u00eda para sobrevivir al futuro<\/strong>.<\/p><ol><li><strong>Inversiones sostenibles.<\/strong> El dinero de <strong>los inversionistas<\/strong> se est\u00e1 moviendo hacia temas que est\u00e9n relacionados con el valor que le dan las empresas a las acciones que promueven desarrollo y progreso para el planeta, las comunidades y el pa\u00eds.<\/li><\/ol><p style=\"padding-left: 40px;\">Seg\u00fan una <a href=\"https:\/\/www.larepublica.co\/globoeconomia\/sostenibilidad-es-fundamental-para-54-de-los-inversionistas-segun-blackrock-3097601\" target=\"_blank\" rel=\"noopener\">encuesta de BlackRock<\/a> en la que participaron 425 inversionistas de 27 pa\u00edses, \u201cm\u00e1s del 54% considera que la inversi\u00f3n sostenible es fundamental para los procesos y resultados\u201d.<\/p><ol start=\"2\"><li><strong>Atrae y conecta el talento.<\/strong> Est\u00e1 demostrado que las personas prefieren trabajar en aquellas compa\u00f1\u00edas que le apuestan a la sostenibilidad y a su vez al bienestar del equipo de trabajo.<\/li><\/ol><p style=\"padding-left: 40px;\">\u201cEl 71% de una encuesta realizada a 5.000 personas afirma que los compromisos de sostenibilidad de las empresas son importantes al momento de inscribirse en sus vacantes laborales, y que la carencia de estos influyen en su decisi\u00f3n de vincularse o no a ellas\u201d, acorde con un <a href=\"https:\/\/www.michaelpage.es\/advice\/empresas\/desarrollo-profesional-y-retenci%C3%B3n-de-talento\/satw23-%C2%BFpor-qu%C3%A9-es-importante-la-sostenibilidad-en-el-mundo-laboral-perspectivas-para-2023\" target=\"_blank\" rel=\"noopener\">estudio realizado por Michael Page<\/a>.<\/p><ol start=\"3\"><li><strong>Entornos competitivos. <\/strong>Las compa\u00f1\u00edas que implementen temas en pro del desarrollo social y ambiental tienen un valor agregado para competir en el mercado.<\/li><\/ol><p style=\"padding-left: 40px;\">\u201cEl 80% de las principales empresas del mundo est\u00e1n incorporando la sostenibilidad en sus operaciones y objetivos\u201d, acorde con una <a href=\"https:\/\/www.prweb.com\/releases\/90_of_s_p_500_index_companies_publish_sustainability_reports_in_2019_g_a_announces_in_its_latest_annual_2020_flash_report\/prweb17260627.htm\" target=\"_blank\" rel=\"noopener\">investigaci\u00f3n realizada por el Governance &amp; Accountability Institute<\/a>.<\/p><ol start=\"4\"><li><strong>La innovaci\u00f3n en la sostenibilidad.<\/strong> Este es un factor importante porque hoy existen nichos de mercado que solo est\u00e1n dispuestos a consumir proyectos, servicios y productos que sean amigables con el medio ambiente y que tengan realmente en cuenta a sus comunidades.<\/li><\/ol><p style=\"padding-left: 40px;\"><a href=\"https:\/\/www.andi.com.co\/Uploads\/PPT%20RESULTADOS%20RANKING%202022%20-COLSUBSIDIO.pdf\" target=\"_blank\" rel=\"noopener\">El Ranking de Innovaci\u00f3n Empresarial 2022<\/a> de la ANDI,\u00a0indic\u00f3 que \u201cla principal raz\u00f3n por la que las compa\u00f1\u00edas colombianas deciden innovar es para contribuir a la soluci\u00f3n de problemas sociales o ambientales y al alcance de los Objetivos de Desarrollo Sostenible\u201d.<\/p><blockquote><p>\u201cDefinir relatos de sostenibilidad que presenten una mirada panor\u00e1mica, que reflejen impactos a nivel local y global, y que busquen aportar a un futuro esperanzador, es fundamental\u201d.<\/p><p>Juan Luis Botero Jaramillo, Gerente general y cofundador de Contreebute.<\/p><\/blockquote><p><strong><a href=\"https:\/\/www.cadena.com.co\/el-intraemprendimiento-motor-de-innovacion-para-las-companias\/\" target=\"_blank\" rel=\"noopener\">Lee m\u00e1s sobre: El intraemprendimiento: motor de innovaci\u00f3n de las compa\u00f1\u00edas<\/a><\/strong><strong>.<\/strong><\/p><h2><strong>5 recomendaciones para entender la sostenibilidad como generaci\u00f3n de valor en la transformaci\u00f3n digital<\/strong><\/h2><ul><li>Identificar cu\u00e1les son los p\u00fablicos de inter\u00e9s, y una vez identificados, priorizarlos.<\/li><li>Definir la estrategia de relacionamiento con cada uno de ellos para lograr darles valor a todos.<\/li><li>Generar confianza a trav\u00e9s de data o informaci\u00f3n, es decir, escoger cu\u00e1les son los puntos m\u00e1s importantes para el grupo de inter\u00e9s prioritario, dependiendo de la industria o mercado.<\/li><li>Pasar del dato a la historia, ver m\u00e1s all\u00e1 de las cifras y traducirlas en narrativas que los grupos de inter\u00e9s quieran ver y escuchar.<\/li><li>Contar historias de sostenibilidad abiertas y transparentes que sean emp\u00e1ticas, que escuchen a las audiencias, conecten con ellas e incluyan a los grupos de inter\u00e9s, consumidores, accionistas, comunidades y colaboradores.<\/li><\/ul><p><strong><a href=\"https:\/\/www.cadena.com.co\/conocimiento\/#:~:text=El%20metaverso%3A%20un%20mundo%20de%20oportunidades%20para%20tu%20empresa\" target=\"_blank\" rel=\"noopener\">Conoce m\u00e1s sobre: El metaverso: un mundo de oportunidades para tu empresa.<\/a><\/strong><\/p>\t\t\t\t\t\t\t\t<\/div>\n\t\t\t\t<\/div>\n\t\t\t\t\t<\/div>\n\t\t<\/div>\n\t\t\t\t\t<\/div>\n\t\t<\/section>\n\t\t\t\t<section class=\"elementor-section elementor-top-section elementor-element elementor-element-9665fcb elementor-section-boxed elementor-section-height-default elementor-section-height-default\" data-id=\"9665fcb\" data-element_type=\"section\" data-e-type=\"section\" data-settings=\"{&quot;jet_parallax_layout_list&quot;:[]}\">\n\t\t\t\t\t\t<div class=\"elementor-container elementor-column-gap-default\">\n\t\t\t\t\t<div class=\"elementor-column elementor-col-100 elementor-top-column elementor-element elementor-element-ed48d37\" data-id=\"ed48d37\" data-element_type=\"column\" data-e-type=\"column\">\n\t\t\t<div class=\"elementor-widget-wrap elementor-element-populated\">\n\t\t\t\t\t\t<div class=\"elementor-element elementor-element-b4335f9 elementor-widget elementor-widget-spacer\" data-id=\"b4335f9\" data-element_type=\"widget\" data-e-type=\"widget\" data-widget_type=\"spacer.default\">\n\t\t\t\t<div class=\"elementor-widget-container\">\n\t\t\t\t\t\t\t<div class=\"elementor-spacer\">\n\t\t\t<div class=\"elementor-spacer-inner\"><\/div>\n\t\t<\/div>\n\t\t\t\t\t\t<\/div>\n\t\t\t\t<\/div>\n\t\t\t\t<div class=\"elementor-element elementor-element-296810e elementor-widget elementor-widget-heading\" data-id=\"296810e\" data-element_type=\"widget\" data-e-type=\"widget\" data-widget_type=\"heading.default\">\n\t\t\t\t<div class=\"elementor-widget-container\">\n\t\t\t\t\t<h2 class=\"elementor-heading-title elementor-size-default\">Preguntas relacionadas<\/h2>\t\t\t\t<\/div>\n\t\t\t\t<\/div>\n\t\t\t\t<div class=\"elementor-element elementor-element-f6e108d elementor-widget elementor-widget-accordion\" data-id=\"f6e108d\" data-element_type=\"widget\" data-e-type=\"widget\" data-widget_type=\"accordion.default\">\n\t\t\t\t<div class=\"elementor-widget-container\">\n\t\t\t\t\t\t\t<div class=\"elementor-accordion\">\n\t\t\t\t\t\t\t<div class=\"elementor-accordion-item\">\n\t\t\t\t\t<div id=\"elementor-tab-title-2581\" class=\"elementor-tab-title\" data-tab=\"1\" role=\"button\" aria-controls=\"elementor-tab-content-2581\" aria-expanded=\"false\">\n\t\t\t\t\t\t\t\t\t\t\t\t\t<span class=\"elementor-accordion-icon elementor-accordion-icon-right\" aria-hidden=\"true\">\n\t\t\t\t\t\t\t\t\t\t\t\t\t\t\t<span class=\"elementor-accordion-icon-closed\"><svg class=\"e-font-icon-svg e-fas-chevron-down\" viewBox=\"0 0 448 512\" xmlns=\"http:\/\/www.w3.org\/2000\/svg\"><path d=\"M207.029 381.476L12.686 187.132c-9.373-9.373-9.373-24.569 0-33.941l22.667-22.667c9.357-9.357 24.522-9.375 33.901-.04L224 284.505l154.745-154.021c9.379-9.335 24.544-9.317 33.901.04l22.667 22.667c9.373 9.373 9.373 24.569 0 33.941L240.971 381.476c-9.373 9.372-24.569 9.372-33.942 0z\"><\/path><\/svg><\/span>\n\t\t\t\t\t\t\t\t<span class=\"elementor-accordion-icon-opened\"><svg class=\"e-font-icon-svg e-fas-chevron-up\" viewBox=\"0 0 448 512\" xmlns=\"http:\/\/www.w3.org\/2000\/svg\"><path d=\"M240.971 130.524l194.343 194.343c9.373 9.373 9.373 24.569 0 33.941l-22.667 22.667c-9.357 9.357-24.522 9.375-33.901.04L224 227.495 69.255 381.516c-9.379 9.335-24.544 9.317-33.901-.04l-22.667-22.667c-9.373-9.373-9.373-24.569 0-33.941L207.03 130.525c9.372-9.373 24.568-9.373 33.941-.001z\"><\/path><\/svg><\/span>\n\t\t\t\t\t\t\t\t\t\t\t\t\t\t<\/span>\n\t\t\t\t\t\t\t\t\t\t\t\t<a class=\"elementor-accordion-title\" tabindex=\"0\">\u00bfLa inteligencia artificial puede impactar la sostenibilidad?<\/a>\n\t\t\t\t\t<\/div>\n\t\t\t\t\t<div id=\"elementor-tab-content-2581\" class=\"elementor-tab-content elementor-clearfix\" data-tab=\"1\" role=\"region\" aria-labelledby=\"elementor-tab-title-2581\"><p>La respuesta es s\u00ed. De hecho ya existen tecnolog\u00edas y herramientas digitales que buscan generar un impacto positivo en las estrategias sostenibles de compa\u00f1\u00edas, instituciones, ciudades y pa\u00edses.<\/p><p>\u00a0<\/p><p>\u201cDe acuerdo con <a href=\"https:\/\/news.microsoft.com\/es-xl\/la-inteligencia-artificial-transforma-la-sostenibilidad-empresarial\/\" target=\"_blank\" rel=\"noopener\">un\u00a0estudio de Microsoft realizado con PWC<\/a>, el uso de Inteligencia Artificial en aplicaciones medioambientales podr\u00eda aportar hasta 5,2 billones de d\u00f3lares a la econom\u00eda mundial para 2030\u201d.<\/p><\/div>\n\t\t\t\t<\/div>\n\t\t\t\t\t\t\t<div class=\"elementor-accordion-item\">\n\t\t\t\t\t<div id=\"elementor-tab-title-2582\" class=\"elementor-tab-title\" data-tab=\"2\" role=\"button\" aria-controls=\"elementor-tab-content-2582\" aria-expanded=\"false\">\n\t\t\t\t\t\t\t\t\t\t\t\t\t<span class=\"elementor-accordion-icon elementor-accordion-icon-right\" aria-hidden=\"true\">\n\t\t\t\t\t\t\t\t\t\t\t\t\t\t\t<span class=\"elementor-accordion-icon-closed\"><svg class=\"e-font-icon-svg e-fas-chevron-down\" viewBox=\"0 0 448 512\" xmlns=\"http:\/\/www.w3.org\/2000\/svg\"><path d=\"M207.029 381.476L12.686 187.132c-9.373-9.373-9.373-24.569 0-33.941l22.667-22.667c9.357-9.357 24.522-9.375 33.901-.04L224 284.505l154.745-154.021c9.379-9.335 24.544-9.317 33.901.04l22.667 22.667c9.373 9.373 9.373 24.569 0 33.941L240.971 381.476c-9.373 9.372-24.569 9.372-33.942 0z\"><\/path><\/svg><\/span>\n\t\t\t\t\t\t\t\t<span class=\"elementor-accordion-icon-opened\"><svg class=\"e-font-icon-svg e-fas-chevron-up\" viewBox=\"0 0 448 512\" xmlns=\"http:\/\/www.w3.org\/2000\/svg\"><path d=\"M240.971 130.524l194.343 194.343c9.373 9.373 9.373 24.569 0 33.941l-22.667 22.667c-9.357 9.357-24.522 9.375-33.901.04L224 227.495 69.255 381.516c-9.379 9.335-24.544 9.317-33.901-.04l-22.667-22.667c-9.373-9.373-9.373-24.569 0-33.941L207.03 130.525c9.372-9.373 24.568-9.373 33.941-.001z\"><\/path><\/svg><\/span>\n\t\t\t\t\t\t\t\t\t\t\t\t\t\t<\/span>\n\t\t\t\t\t\t\t\t\t\t\t\t<a class=\"elementor-accordion-title\" tabindex=\"0\">\u00bfC\u00f3mo aplicar la transformaci\u00f3n digital a la sostenibilidad?<\/a>\n\t\t\t\t\t<\/div>\n\t\t\t\t\t<div id=\"elementor-tab-content-2582\" class=\"elementor-tab-content elementor-clearfix\" data-tab=\"2\" role=\"region\" aria-labelledby=\"elementor-tab-title-2582\"><p>Esta es un cambio en la estructura de la empresa que le permite ser m\u00e1s competitiva y eficiente con las necesidades del mercado. En este punto la tecnolog\u00eda se convierte en un aliado estrat\u00e9gico de las compa\u00f1\u00edas y se vincula con la sostenibilidad para impactar de forma positiva al planeta, las regiones, el pa\u00eds, las comunidades y la sociedad en general.<\/p><\/div>\n\t\t\t\t<\/div>\n\t\t\t\t\t\t\t<div class=\"elementor-accordion-item\">\n\t\t\t\t\t<div id=\"elementor-tab-title-2583\" class=\"elementor-tab-title\" data-tab=\"3\" role=\"button\" aria-controls=\"elementor-tab-content-2583\" aria-expanded=\"false\">\n\t\t\t\t\t\t\t\t\t\t\t\t\t<span class=\"elementor-accordion-icon elementor-accordion-icon-right\" aria-hidden=\"true\">\n\t\t\t\t\t\t\t\t\t\t\t\t\t\t\t<span class=\"elementor-accordion-icon-closed\"><svg class=\"e-font-icon-svg e-fas-chevron-down\" viewBox=\"0 0 448 512\" xmlns=\"http:\/\/www.w3.org\/2000\/svg\"><path d=\"M207.029 381.476L12.686 187.132c-9.373-9.373-9.373-24.569 0-33.941l22.667-22.667c9.357-9.357 24.522-9.375 33.901-.04L224 284.505l154.745-154.021c9.379-9.335 24.544-9.317 33.901.04l22.667 22.667c9.373 9.373 9.373 24.569 0 33.941L240.971 381.476c-9.373 9.372-24.569 9.372-33.942 0z\"><\/path><\/svg><\/span>\n\t\t\t\t\t\t\t\t<span class=\"elementor-accordion-icon-opened\"><svg class=\"e-font-icon-svg e-fas-chevron-up\" viewBox=\"0 0 448 512\" xmlns=\"http:\/\/www.w3.org\/2000\/svg\"><path d=\"M240.971 130.524l194.343 194.343c9.373 9.373 9.373 24.569 0 33.941l-22.667 22.667c-9.357 9.357-24.522 9.375-33.901.04L224 227.495 69.255 381.516c-9.379 9.335-24.544 9.317-33.901-.04l-22.667-22.667c-9.373-9.373-9.373-24.569 0-33.941L207.03 130.525c9.372-9.373 24.568-9.373 33.941-.001z\"><\/path><\/svg><\/span>\n\t\t\t\t\t\t\t\t\t\t\t\t\t\t<\/span>\n\t\t\t\t\t\t\t\t\t\t\t\t<a class=\"elementor-accordion-title\" tabindex=\"0\">\u00bfC\u00f3mo benefic\u00edan a las compa\u00f1\u00edas las tecnolog\u00edas de la Cuarta Revoluci\u00f3n?<\/a>\n\t\t\t\t\t<\/div>\n\t\t\t\t\t<div id=\"elementor-tab-content-2583\" class=\"elementor-tab-content elementor-clearfix\" data-tab=\"3\" role=\"region\" aria-labelledby=\"elementor-tab-title-2583\"><p>La ciberseguridad y el blockchain son importantes para darle mayor trazabilidad de forma segura a toda la informaci\u00f3n que se comparta de parte de las empresas. Estas, sumandas a la inteligencia artificial crean capacidades que pueden avanzar hacia energ\u00edas renovables y distribuirla de forma inteligente para reducir las emisiones de di\u00f3xido de carbono.<\/p><\/div>\n\t\t\t\t<\/div>\n\t\t\t\t\t\t\t\t<\/div>\n\t\t\t\t\t\t<\/div>\n\t\t\t\t<\/div>\n\t\t\t\t<div class=\"elementor-element elementor-element-fd88ff2 elementor-widget elementor-widget-text-editor\" data-id=\"fd88ff2\" data-element_type=\"widget\" data-e-type=\"widget\" data-widget_type=\"text-editor.default\">\n\t\t\t\t<div class=\"elementor-widget-container\">\n\t\t\t\t\t\t\t\t\t<p><strong>Fuente:<\/strong> Juan Luis Botero Jaramillo, Gerente general y cofundador de Contreebute.<\/p>\t\t\t\t\t\t\t\t<\/div>\n\t\t\t\t<\/div>\n\t\t\t\t<div class=\"elementor-element elementor-element-b64fdcd elementor-widget elementor-widget-html\" data-id=\"b64fdcd\" data-element_type=\"widget\" data-e-type=\"widget\" data-widget_type=\"html.default\">\n\t\t\t\t<div class=\"elementor-widget-container\">\n\t\t\t\t\t<script type=\"application\/ld+json\">{\"@context\":\"https:\/\/schema.org\",\"@type\":\"FAQPage\",\"mainEntity\":[{\"@type\":\"Question\",\"name\":\"\u00bfQu\u00e9 es la extracci\u00f3n de datos?\",\"acceptedAnswer\":{\"@type\":\"Answer\",\"text\":\"Se trata de recuperar o sacar varios tipos de datos de una o varias fuentes para procesarlos, almacenarlos y analizarlos en otro lugar.\"}},{\"@type\":\"Question\",\"name\":\"\u00bfMeta se ha pronunciado respecto a la ciberseguridad?\",\"acceptedAnswer\":{\"@type\":\"Answer\",\"text\":\"Meta realiz\u00f3 un comunicado de prensa detallando las asociaciones con grupos e individuos para \u201cconstruir el metaverso de manera responsable\u201d y una publicaci\u00f3n de blog sobre c\u00f3mo mantener la seguridad en los espacios de realidad virtual.\"}},{\"@type\":\"Question\",\"name\":\"\u00bfPor qu\u00e9 la privacidad y la seguridad pueden entrar en conflicto?\",\"acceptedAnswer\":{\"@type\":\"Answer\",\"text\":\"Presentar denuncias en este medio suele ser dif\u00edcil porque, por razones de privacidad, las plataformas a menudo no registran lo que sucede en ellas ni se comunican entre s\u00ed sobre qu\u00e9 usuarios son problem\u00e1ticos, porque las empresas est\u00e1n obligadas a mantener la privacidad de la informaci\u00f3n del usuario de acuerdo con las condiciones del servicio.\"}}]}<\/script><!--FAQPage Code Generated by https:\/\/saijogeorge.com\/json-ld-schema-generator\/faq\/-->\t\t\t\t<\/div>\n\t\t\t\t<\/div>\n\t\t\t\t\t<\/div>\n\t\t<\/div>\n\t\t\t\t\t<\/div>\n\t\t<\/section>\n\t\t\t\t<section class=\"elementor-section elementor-top-section elementor-element elementor-element-c592e6f elementor-section-boxed elementor-section-height-default elementor-section-height-default\" data-id=\"c592e6f\" data-element_type=\"section\" data-e-type=\"section\" data-settings=\"{&quot;jet_parallax_layout_list&quot;:[]}\">\n\t\t\t\t\t\t<div class=\"elementor-container elementor-column-gap-default\">\n\t\t\t\t\t<div class=\"elementor-column elementor-col-100 elementor-top-column elementor-element elementor-element-71c84ef\" data-id=\"71c84ef\" data-element_type=\"column\" data-e-type=\"column\">\n\t\t\t<div class=\"elementor-widget-wrap elementor-element-populated\">\n\t\t\t\t\t\t<div class=\"elementor-element elementor-element-aac9b8e elementor-widget elementor-widget-image\" data-id=\"aac9b8e\" data-element_type=\"widget\" data-e-type=\"widget\" data-widget_type=\"image.default\">\n\t\t\t\t<div class=\"elementor-widget-container\">\n\t\t\t\t\t\t\t\t\t\t\t\t\t\t\t<img fetchpriority=\"high\" decoding=\"async\" width=\"2103\" height=\"701\" src=\"https:\/\/www.cadena.com.co\/wp-content\/uploads\/v2-autopauta-2-conectar-mejor.png\" class=\"attachment-full size-full wp-image-10983\" alt=\"\" srcset=\"https:\/\/www.cadena.com.co\/wp-content\/uploads\/v2-autopauta-2-conectar-mejor.png 2103w, https:\/\/www.cadena.com.co\/wp-content\/uploads\/v2-autopauta-2-conectar-mejor-600x200.png 600w, https:\/\/www.cadena.com.co\/wp-content\/uploads\/v2-autopauta-2-conectar-mejor-1200x400.png 1200w, https:\/\/www.cadena.com.co\/wp-content\/uploads\/v2-autopauta-2-conectar-mejor-200x67.png 200w, https:\/\/www.cadena.com.co\/wp-content\/uploads\/v2-autopauta-2-conectar-mejor-768x256.png 768w, https:\/\/www.cadena.com.co\/wp-content\/uploads\/v2-autopauta-2-conectar-mejor-1536x512.png 1536w, https:\/\/www.cadena.com.co\/wp-content\/uploads\/v2-autopauta-2-conectar-mejor-2048x683.png 2048w\" sizes=\"(max-width: 2103px) 100vw, 2103px\" \/>\t\t\t\t\t\t\t\t\t\t\t\t\t\t\t<\/div>\n\t\t\t\t<\/div>\n\t\t\t\t\t<\/div>\n\t\t<\/div>\n\t\t\t\t\t<\/div>\n\t\t<\/section>\n\t\t\t\t<\/div>\n\t\t","protected":false},"excerpt":{"rendered":"<p>La sostenibilidad debe ser una estrategia transversal a la compa\u00f1\u00eda, esta es la forma en la que las empresas realizan inversiones inteligentes e impactos, no solo econ\u00f3micos, sino ambientales y sociales.<\/p>","protected":false},"author":2,"featured_media":8550,"comment_status":"closed","ping_status":"closed","sticky":false,"template":"","format":"standard","meta":{"inline_featured_image":false,"footnotes":""},"categories":[93,29],"tags":[92,18,43,32,94],"class_list":["post-8549","post","type-post","status-publish","format-standard","has-post-thumbnail","hentry","category-nuevo","category-tecnologia","tag-marcas-del-futuro","tag-sostenibilidad","tag-tecnologia","tag-transformacion-digital","tag-ultimos-blogs"],"_links":{"self":[{"href":"https:\/\/www.cadena.com.co\/en\/wp-json\/wp\/v2\/posts\/8549","targetHints":{"allow":["GET"]}}],"collection":[{"href":"https:\/\/www.cadena.com.co\/en\/wp-json\/wp\/v2\/posts"}],"about":[{"href":"https:\/\/www.cadena.com.co\/en\/wp-json\/wp\/v2\/types\/post"}],"author":[{"embeddable":true,"href":"https:\/\/www.cadena.com.co\/en\/wp-json\/wp\/v2\/users\/2"}],"replies":[{"embeddable":true,"href":"https:\/\/www.cadena.com.co\/en\/wp-json\/wp\/v2\/comments?post=8549"}],"version-history":[{"count":1,"href":"https:\/\/www.cadena.com.co\/en\/wp-json\/wp\/v2\/posts\/8549\/revisions"}],"predecessor-version":[{"id":16879,"href":"https:\/\/www.cadena.com.co\/en\/wp-json\/wp\/v2\/posts\/8549\/revisions\/16879"}],"wp:featuredmedia":[{"embeddable":true,"href":"https:\/\/www.cadena.com.co\/en\/wp-json\/wp\/v2\/media\/8550"}],"wp:attachment":[{"href":"https:\/\/www.cadena.com.co\/en\/wp-json\/wp\/v2\/media?parent=8549"}],"wp:term":[{"taxonomy":"category","embeddable":true,"href":"https:\/\/www.cadena.com.co\/en\/wp-json\/wp\/v2\/categories?post=8549"},{"taxonomy":"post_tag","embeddable":true,"href":"https:\/\/www.cadena.com.co\/en\/wp-json\/wp\/v2\/tags?post=8549"}],"curies":[{"name":"wp","href":"https:\/\/api.w.org\/{rel}","templated":true}]}}