{"id":5267,"date":"2019-11-12T10:55:00","date_gmt":"2019-11-12T15:55:00","guid":{"rendered":"https:\/\/www.cadena.com.co\/?p=5267"},"modified":"2019-11-12T10:55:00","modified_gmt":"2019-11-12T15:55:00","slug":"la-hora-de-la-integracion","status":"publish","type":"post","link":"https:\/\/www.cadena.com.co\/en\/la-hora-de-la-integracion\/","title":{"rendered":"As\u00ed funcionan las metodolog\u00edas de integraci\u00f3n de procesos"},"content":{"rendered":"<div data-elementor-type=\"wp-post\" data-elementor-id=\"5267\" class=\"elementor elementor-5267\" data-elementor-post-type=\"post\">\n\t\t\t\t\t\t<section class=\"elementor-section elementor-top-section elementor-element elementor-element-53fcdc5 elementor-section-boxed elementor-section-height-default elementor-section-height-default\" data-id=\"53fcdc5\" data-element_type=\"section\" data-e-type=\"section\" data-settings=\"{&quot;jet_parallax_layout_list&quot;:[]}\">\n\t\t\t\t\t\t<div class=\"elementor-container elementor-column-gap-default\">\n\t\t\t\t\t<div class=\"elementor-column elementor-col-100 elementor-top-column elementor-element elementor-element-4bcb94e\" data-id=\"4bcb94e\" data-element_type=\"column\" data-e-type=\"column\">\n\t\t\t<div class=\"elementor-widget-wrap elementor-element-populated\">\n\t\t\t\t\t\t<div class=\"elementor-element elementor-element-a6516f7 elementor-widget elementor-widget-text-editor\" data-id=\"a6516f7\" data-element_type=\"widget\" data-e-type=\"widget\" data-widget_type=\"text-editor.default\">\n\t\t\t\t<div class=\"elementor-widget-container\">\n\t\t\t\t\t\t\t\t\t<h3>La integraci\u00f3n se trata de potenciar procesos de la mano de aliados claves. Conoce aqu\u00ed de qu\u00e9 se trata.<\/h3><p>Un buen ejemplo de integraci\u00f3n de procesos es cuando\u00a0<strong>ejecutivos e ingenieros de una marca se re\u00fanen con sus proveedores, encuentran posibilidades de mejora de las partes, hacen requerimientos y reciben propuestas y, al final hacen mejoras en el producto\u2026<\/strong>\u00a0y tambi\u00e9n en el proceso: ese equipo, con su marca, con su precio, con su estrategia comercial, puede no pasar en ning\u00fan momento por sus manos.<\/p><p>Es lo que est\u00e1 haciendo Apple: ya no dise\u00f1a sus procesos aisladamente, sino que se sienta con sus proveedores y juntos trabajan en los desarrollos, realizan pruebas y ajustes.\u00a0<strong>No se trata solo de cotizar y solicitar un requerimiento para que est\u00e9 en un determinado tiempo, hay que involucrar a todos los que hacen parte de la cadena productiva<\/strong>\u00a0para que comprendan c\u00f3mo debe hacerse.<\/p>\t\t\t\t\t\t\t\t<\/div>\n\t\t\t\t<\/div>\n\t\t\t\t<div class=\"elementor-element elementor-element-b72b0a0 elementor-widget elementor-widget-text-editor\" data-id=\"b72b0a0\" data-element_type=\"widget\" data-e-type=\"widget\" data-widget_type=\"text-editor.default\">\n\t\t\t\t<div class=\"elementor-widget-container\">\n\t\t\t\t\t\t\t\t\t<h2>\u00bfC\u00f3mo trabajar en integraci\u00f3n?<\/h2><p>Para que todas las \u00e1reas y proveedores est\u00e9n correctamente relacionados y puedan garantizar a los clientes productos o servicios de calidad que satisfagan sus necesidades o requerimientos en el tiempo que lo demanden, hay que\u00a0<strong>pensar en pol\u00edticas de integraci\u00f3n con los proveedores, que tengan que ver con sistemas, procesos y estrategias que permitan mayor agilidad y eficiencia.<\/strong><\/p><p>Cuando se piensa en integraci\u00f3n, se debe\u00a0<strong>ver a todos como parte de una misma estrategia, que se ejecuta a trav\u00e9s de diferentes procesos<\/strong>\u00a0y que tiene como objetivo impactar en los clientes, buscando que tengan una respuesta positiva. Si falla algo, hay que verlo como un todo, no de manera aislada.<\/p>\t\t\t\t\t\t\t\t<\/div>\n\t\t\t\t<\/div>\n\t\t\t\t\t<\/div>\n\t\t<\/div>\n\t\t\t\t\t<\/div>\n\t\t<\/section>\n\t\t\t\t<section class=\"elementor-section elementor-top-section elementor-element elementor-element-1a56afb elementor-section-boxed elementor-section-height-default elementor-section-height-default\" data-id=\"1a56afb\" data-element_type=\"section\" data-e-type=\"section\" data-settings=\"{&quot;jet_parallax_layout_list&quot;:[]}\">\n\t\t\t\t\t\t<div class=\"elementor-container elementor-column-gap-default\">\n\t\t\t\t\t<div class=\"elementor-column elementor-col-50 elementor-top-column elementor-element elementor-element-b5cb299\" data-id=\"b5cb299\" data-element_type=\"column\" data-e-type=\"column\">\n\t\t\t<div class=\"elementor-widget-wrap elementor-element-populated\">\n\t\t\t\t\t\t<div class=\"elementor-element elementor-element-c8d3933 elementor-widget elementor-widget-text-editor\" data-id=\"c8d3933\" data-element_type=\"widget\" data-e-type=\"widget\" data-widget_type=\"text-editor.default\">\n\t\t\t\t<div class=\"elementor-widget-container\">\n\t\t\t\t\t\t\t\t\t<p>El reto hoy es adoptar metodolog\u00edas que faciliten la integraci\u00f3n y\u00a0<strong>atreverse a entregar procesos internos a terceros,<\/strong>\u00a0por ejemplo, en anal\u00edtica de datos existen compa\u00f1\u00edas especializadas cuyos procesos y resultados, por lo general, suelen ser muy altos y tener un mejor aseguramiento, \u201csi se est\u00e1 debidamente integrado con quien ejecuta la anal\u00edtica, es como si se hiciera al interior\u201d, explica Luis Javier del Corral, vicepresidente de Innovaci\u00f3n y Desarrollo de Cadena.<\/p>\t\t\t\t\t\t\t\t<\/div>\n\t\t\t\t<\/div>\n\t\t\t\t\t<\/div>\n\t\t<\/div>\n\t\t\t\t<div class=\"elementor-column elementor-col-50 elementor-top-column elementor-element elementor-element-29dbf1c\" data-id=\"29dbf1c\" data-element_type=\"column\" data-e-type=\"column\">\n\t\t\t<div class=\"elementor-widget-wrap elementor-element-populated\">\n\t\t\t\t\t\t<div class=\"elementor-element elementor-element-408ab9e elementor-widget elementor-widget-spacer\" data-id=\"408ab9e\" data-element_type=\"widget\" data-e-type=\"widget\" data-widget_type=\"spacer.default\">\n\t\t\t\t<div class=\"elementor-widget-container\">\n\t\t\t\t\t\t\t<div class=\"elementor-spacer\">\n\t\t\t<div class=\"elementor-spacer-inner\"><\/div>\n\t\t<\/div>\n\t\t\t\t\t\t<\/div>\n\t\t\t\t<\/div>\n\t\t\t\t<div class=\"elementor-element elementor-element-7bb60da elementor-widget elementor-widget-text-editor\" data-id=\"7bb60da\" data-element_type=\"widget\" data-e-type=\"widget\" data-widget_type=\"text-editor.default\">\n\t\t\t\t<div class=\"elementor-widget-container\">\n\t\t\t\t\t\t\t\t\t<blockquote><p><strong>\u201cLa integraci\u00f3n es m\u00e1s que reducir el n\u00famero de intermediarios en un proceso, es disminuir el n\u00famero de procesos\u201d.<\/strong><\/p><\/blockquote>\t\t\t\t\t\t\t\t<\/div>\n\t\t\t\t<\/div>\n\t\t\t\t<div class=\"elementor-element elementor-element-96a53fb elementor-widget elementor-widget-text-editor\" data-id=\"96a53fb\" data-element_type=\"widget\" data-e-type=\"widget\" data-widget_type=\"text-editor.default\">\n\t\t\t\t<div class=\"elementor-widget-container\">\n\t\t\t\t\t\t\t\t\t<p><strong>Luis Javier del Corral,<\/strong><\/p><div class=\"cargo\">Vicepresidente de Innovaci\u00f3n y Desarrollo de Cadena.<\/div>\t\t\t\t\t\t\t\t<\/div>\n\t\t\t\t<\/div>\n\t\t\t\t\t<\/div>\n\t\t<\/div>\n\t\t\t\t\t<\/div>\n\t\t<\/section>\n\t\t\t\t<section class=\"elementor-section elementor-top-section elementor-element elementor-element-99d21c6 elementor-section-boxed elementor-section-height-default elementor-section-height-default\" data-id=\"99d21c6\" data-element_type=\"section\" data-e-type=\"section\" data-settings=\"{&quot;jet_parallax_layout_list&quot;:[]}\">\n\t\t\t\t\t\t<div class=\"elementor-container elementor-column-gap-default\">\n\t\t\t\t\t<div class=\"elementor-column elementor-col-100 elementor-top-column elementor-element elementor-element-ae251c9\" data-id=\"ae251c9\" data-element_type=\"column\" data-e-type=\"column\">\n\t\t\t<div class=\"elementor-widget-wrap elementor-element-populated\">\n\t\t\t\t\t\t<div class=\"elementor-element elementor-element-7fed72b elementor-widget elementor-widget-text-editor\" data-id=\"7fed72b\" data-element_type=\"widget\" data-e-type=\"widget\" data-widget_type=\"text-editor.default\">\n\t\t\t\t<div class=\"elementor-widget-container\">\n\t\t\t\t\t\t\t\t\t<p>Finalmente, lo que busca la integraci\u00f3n es\u00a0<strong>hacer equipos reales para realizar procesos,<\/strong>\u00a0independientemente de que los integrantes est\u00e9n \u201cde un lado del muro o de otro\u201d. Hoy muchas compa\u00f1\u00edas contratan procesos externamente porque conf\u00edan en la experiencia del aliado, pero crean dentro un \u00e1rea que debe recibir y reprocesar, esto suele restar eficiencia y lo hace m\u00e1s costoso, por eso,\u00a0<strong>despu\u00e9s de conseguir un aliado que lo haga, el objetivo debe ser integrarse y dise\u00f1ar juntos un proceso.<\/strong><\/p>\t\t\t\t\t\t\t\t<\/div>\n\t\t\t\t<\/div>\n\t\t\t\t<div class=\"elementor-element elementor-element-6f155a5 elementor-widget elementor-widget-text-editor\" data-id=\"6f155a5\" data-element_type=\"widget\" data-e-type=\"widget\" data-widget_type=\"text-editor.default\">\n\t\t\t\t<div class=\"elementor-widget-container\">\n\t\t\t\t\t\t\t\t\t<h2>As\u00ed lo est\u00e1 haciendo Cadena<\/h2><p>La propuesta de Cadena en lo digital es\u00a0<strong>operar los procesos que no son\u00a0<\/strong><em><strong>core<\/strong><\/em><strong>\u00a0para los clientes, como es el caso de los extractos:<\/strong>\u00a0un proceso en el que se maneja informaci\u00f3n delicada pero en el que Cadena, gracias a la confiabilidad que ha generado, est\u00e1 en la capacidad de ejecutar, ahorr\u00e1ndole as\u00ed un proceso al cliente, que incluso puede ser redundante al interior.<\/p><p>Actualmente est\u00e1 implementando metodolog\u00edas con tecnolog\u00edas BPM y una vez se montan los procesos, con un sistema de informaci\u00f3n puede:<\/p>\t\t\t\t\t\t\t\t<\/div>\n\t\t\t\t<\/div>\n\t\t\t\t<div class=\"elementor-element elementor-element-9a55677 elementor-widget elementor-widget-text-editor\" data-id=\"9a55677\" data-element_type=\"widget\" data-e-type=\"widget\" data-widget_type=\"text-editor.default\">\n\t\t\t\t<div class=\"elementor-widget-container\">\n\t\t\t\t\t\t\t\t\t<ul><li>Monitorear si est\u00e1n siendo lo suficientemente eficientes.<\/li><li>Sugerir cambios, pero tambi\u00e9n, modelar y simular antes de ponerlos en funcionamiento, lo cual tiene un gran valor porque se puede tener informaci\u00f3n de qu\u00e9 pasar\u00e1 si se aplica un determinado cambio y esto se hace con datos hist\u00f3ricos reales.<\/li><li>Prevenir posibles p\u00e9rdidas.<\/li><li>Obtener mayor eficiencia y reducir costos.<\/li><\/ul>\t\t\t\t\t\t\t\t<\/div>\n\t\t\t\t<\/div>\n\t\t\t\t<div class=\"elementor-element elementor-element-ce44a90 elementor-widget elementor-widget-text-editor\" data-id=\"ce44a90\" data-element_type=\"widget\" data-e-type=\"widget\" data-widget_type=\"text-editor.default\">\n\t\t\t\t<div class=\"elementor-widget-container\">\n\t\t\t\t\t\t\t\t\t<p>Las comunicaciones es otro de los procesos que puede operar, a trav\u00e9s de un sistema que genera correos electr\u00f3nicos, mensajes de texto y otros medios con los que una empresa se comunica con sus clientes. Esta operaci\u00f3n se hace de manera fluida, m\u00e1s eficiente y sin duplicidad.<\/p>\t\t\t\t\t\t\t\t<\/div>\n\t\t\t\t<\/div>\n\t\t\t\t\t<\/div>\n\t\t<\/div>\n\t\t\t\t\t<\/div>\n\t\t<\/section>\n\t\t\t\t<section class=\"elementor-section elementor-top-section elementor-element elementor-element-6e07484 elementor-section-boxed elementor-section-height-default elementor-section-height-default\" data-id=\"6e07484\" data-element_type=\"section\" data-e-type=\"section\" data-settings=\"{&quot;jet_parallax_layout_list&quot;:[]}\">\n\t\t\t\t\t\t<div class=\"elementor-container elementor-column-gap-default\">\n\t\t\t\t\t<div class=\"elementor-column elementor-col-100 elementor-top-column elementor-element elementor-element-db5afe0\" data-id=\"db5afe0\" data-element_type=\"column\" data-e-type=\"column\">\n\t\t\t<div class=\"elementor-widget-wrap elementor-element-populated\">\n\t\t\t\t\t\t<div class=\"elementor-element elementor-element-fce1f89 elementor-widget elementor-widget-image\" data-id=\"fce1f89\" data-element_type=\"widget\" data-e-type=\"widget\" data-widget_type=\"image.default\">\n\t\t\t\t<div class=\"elementor-widget-container\">\n\t\t\t\t\t\t\t\t\t\t\t\t\t\t\t<img fetchpriority=\"high\" decoding=\"async\" width=\"2103\" height=\"701\" src=\"https:\/\/www.cadena.com.co\/wp-content\/uploads\/v2-autopauta-2-conectar-mejor.png\" class=\"attachment-full size-full wp-image-10983\" alt=\"\" srcset=\"https:\/\/www.cadena.com.co\/wp-content\/uploads\/v2-autopauta-2-conectar-mejor.png 2103w, https:\/\/www.cadena.com.co\/wp-content\/uploads\/v2-autopauta-2-conectar-mejor-600x200.png 600w, https:\/\/www.cadena.com.co\/wp-content\/uploads\/v2-autopauta-2-conectar-mejor-1200x400.png 1200w, https:\/\/www.cadena.com.co\/wp-content\/uploads\/v2-autopauta-2-conectar-mejor-200x67.png 200w, https:\/\/www.cadena.com.co\/wp-content\/uploads\/v2-autopauta-2-conectar-mejor-768x256.png 768w, https:\/\/www.cadena.com.co\/wp-content\/uploads\/v2-autopauta-2-conectar-mejor-1536x512.png 1536w, https:\/\/www.cadena.com.co\/wp-content\/uploads\/v2-autopauta-2-conectar-mejor-2048x683.png 2048w\" sizes=\"(max-width: 2103px) 100vw, 2103px\" \/>\t\t\t\t\t\t\t\t\t\t\t\t\t\t\t<\/div>\n\t\t\t\t<\/div>\n\t\t\t\t\t<\/div>\n\t\t<\/div>\n\t\t\t\t\t<\/div>\n\t\t<\/section>\n\t\t\t\t<\/div>","protected":false},"excerpt":{"rendered":"<p>La integraci\u00f3n se trata de potenciar procesos de la mano de aliados claves. Conoce aqu\u00ed de qu\u00e9 se trata. Un buen ejemplo de integraci\u00f3n de procesos es cuando\u00a0ejecutivos e ingenieros de una marca se re\u00fanen con sus proveedores, encuentran posibilidades de mejora de las partes, hacen requerimientos y reciben propuestas y, al final hacen mejoras [&hellip;]<\/p>\n","protected":false},"author":2,"featured_media":8170,"comment_status":"open","ping_status":"closed","sticky":false,"template":"","format":"standard","meta":{"inline_featured_image":false,"footnotes":""},"categories":[16],"tags":[20],"class_list":["post-5267","post","type-post","status-publish","format-standard","has-post-thumbnail","hentry","category-innovacion","tag-metodologias-digitales"],"_links":{"self":[{"href":"https:\/\/www.cadena.com.co\/en\/wp-json\/wp\/v2\/posts\/5267","targetHints":{"allow":["GET"]}}],"collection":[{"href":"https:\/\/www.cadena.com.co\/en\/wp-json\/wp\/v2\/posts"}],"about":[{"href":"https:\/\/www.cadena.com.co\/en\/wp-json\/wp\/v2\/types\/post"}],"author":[{"embeddable":true,"href":"https:\/\/www.cadena.com.co\/en\/wp-json\/wp\/v2\/users\/2"}],"replies":[{"embeddable":true,"href":"https:\/\/www.cadena.com.co\/en\/wp-json\/wp\/v2\/comments?post=5267"}],"version-history":[{"count":0,"href":"https:\/\/www.cadena.com.co\/en\/wp-json\/wp\/v2\/posts\/5267\/revisions"}],"wp:featuredmedia":[{"embeddable":true,"href":"https:\/\/www.cadena.com.co\/en\/wp-json\/wp\/v2\/media\/8170"}],"wp:attachment":[{"href":"https:\/\/www.cadena.com.co\/en\/wp-json\/wp\/v2\/media?parent=5267"}],"wp:term":[{"taxonomy":"category","embeddable":true,"href":"https:\/\/www.cadena.com.co\/en\/wp-json\/wp\/v2\/categories?post=5267"},{"taxonomy":"post_tag","embeddable":true,"href":"https:\/\/www.cadena.com.co\/en\/wp-json\/wp\/v2\/tags?post=5267"}],"curies":[{"name":"wp","href":"https:\/\/api.w.org\/{rel}","templated":true}]}}