{"id":4142,"date":"2022-11-15T15:15:53","date_gmt":"2022-11-15T20:15:53","guid":{"rendered":"https:\/\/www.cadena.com.co\/?p=4142"},"modified":"2022-11-15T15:15:53","modified_gmt":"2022-11-15T20:15:53","slug":"lo-que-hay-mas-alla-del-requisito-de-la-facturacion-electronica","status":"publish","type":"post","link":"https:\/\/www.cadena.com.co\/en\/lo-que-hay-mas-alla-del-requisito-de-la-facturacion-electronica\/","title":{"rendered":"Lo que hay m\u00e1s all\u00e1 del requisito de la facturaci\u00f3n electr\u00f3nica"},"content":{"rendered":"\t\t<div data-elementor-type=\"wp-post\" data-elementor-id=\"4142\" class=\"elementor elementor-4142\" data-elementor-post-type=\"post\">\n\t\t\t\t\t\t<section class=\"elementor-section elementor-top-section elementor-element elementor-element-4ee8765f elementor-section-boxed elementor-section-height-default elementor-section-height-default\" data-id=\"4ee8765f\" data-element_type=\"section\" data-e-type=\"section\" data-settings=\"{&quot;jet_parallax_layout_list&quot;:[]}\">\n\t\t\t\t\t\t<div class=\"elementor-container elementor-column-gap-default\">\n\t\t\t\t\t<div class=\"elementor-column elementor-col-100 elementor-top-column elementor-element elementor-element-5b49fd2\" data-id=\"5b49fd2\" data-element_type=\"column\" data-e-type=\"column\">\n\t\t\t<div class=\"elementor-widget-wrap elementor-element-populated\">\n\t\t\t\t\t\t<div class=\"elementor-element elementor-element-7870cdf3 elementor-widget elementor-widget-text-editor\" data-id=\"7870cdf3\" data-element_type=\"widget\" data-e-type=\"widget\" data-widget_type=\"text-editor.default\">\n\t\t\t\t<div class=\"elementor-widget-container\">\n\t\t\t\t\t\t\t\t\t<p><\/p>\n<div class=\"wpb_text_column entradillasBlog\">\n<div class=\"wpb_wrapper\">\n<div class=\"wpb_text_column entradillasBlog\">\n<div class=\"wpb_wrapper\">\n<div class=\"wpb_text_column entradillasBlog\">\n<div class=\"wpb_wrapper\">\n<div class=\"wpb_text_column entradillasBlog\">\n<div class=\"wpb_wrapper\">\n<div class=\"wpb_text_column entradillasBlog\">\n<div class=\"wpb_wrapper\">\n<div class=\"wpb_text_column entradillasBlog\">\n<div class=\"wpb_wrapper\">\n<div class=\"wpb_text_column entradillasBlog\">\n<div class=\"wpb_wrapper\">\n<div class=\"wpb_text_column entradillasBlog\">\n<div class=\"wpb_wrapper\">\n<div class=\"wpb_text_column entradillasBlog\">\n<div class=\"wpb_wrapper\">\n<div class=\"wpb_text_column entradillasBlog\">\n<div class=\"wpb_wrapper\">\n<div class=\"wpb_text_column entradillasBlog\">\n<div class=\"wpb_wrapper\">\n<div class=\"wpb_text_column entradillasBlog\">\n<div class=\"wpb_wrapper\">\n<div class=\"wpb_text_column entradillasBlog\">\n<div class=\"wpb_wrapper\">\n<div class=\"wpb_text_column entradillasBlog\">\n<div class=\"wpb_wrapper\">\n<div class=\"wpb_text_column entradillasBlog\">\n<div class=\"wpb_wrapper\">\n<div class=\"wpb_text_column entradillasBlog\">\n<div class=\"wpb_wrapper\">\n<div class=\"wpb_text_column entradillasBlog\">\n<div class=\"wpb_wrapper\">\n<div class=\"wpb_text_column entradillasBlog\">\n<div class=\"wpb_wrapper\">\n<div class=\"wpb_text_column entradillasBlog\">\n<div class=\"wpb_wrapper\">\n<div class=\"wpb_text_column entradillasBlog\">\n<div class=\"wpb_wrapper\">\n<div class=\"wpb_text_column entradillasBlog\">\n<div class=\"wpb_wrapper\">\n<div class=\"wpb_text_column entradillasBlog\">\n<div class=\"wpb_wrapper\">\n<div class=\"wpb_text_column entradillasBlog\">\n<div class=\"wpb_wrapper\">\n<div class=\"wpb_text_column entradillasBlog\">\n<div class=\"wpb_wrapper\">\n<div class=\"wpb_text_column entradillasBlog\">\n<div class=\"wpb_wrapper\">\n<div class=\"wpb_text_column entradillasBlog\">\n<div class=\"wpb_wrapper\">\n<div class=\"wpb_text_column entradillasBlog\">\n<div class=\"wpb_wrapper\">\n<div class=\"wpb_text_column entradillasBlog\">\n<div class=\"wpb_wrapper\">\n<div class=\"wpb_text_column entradillasBlog\">\n<div class=\"wpb_wrapper\">\n<div class=\"wpb_text_column entradillasBlog\">\n<div class=\"wpb_wrapper\">\n<div class=\"wpb_text_column entradillasBlog\">\n<div class=\"wpb_wrapper\">\n<div class=\"wpb_text_column entradillasBlog\">\n<div class=\"wpb_wrapper\">\n<div class=\"wpb_text_column entradillasBlog\">\n<div class=\"wpb_wrapper\">\n<div class=\"wpb_text_column entradillasBlog\">\n<div class=\"wpb_wrapper\">\n<div class=\"wpb_text_column entradillasBlog\">\n<div class=\"wpb_wrapper\">\n<div class=\"wpb_text_column entradillasBlog\">\n<div class=\"wpb_wrapper\">\n<div class=\"wpb_text_column entradillasBlog\">\n<div class=\"wpb_wrapper\">\n<div class=\"wpb_text_column entradillasBlog\">\n<div class=\"wpb_wrapper\">\n<p><span class=\"entradilla\">Una de las oportunidades que trae la factura electr\u00f3nica para las empresas es hacer inteligencia de negocios. Ent\u00e9rese c\u00f3mo puede capitalizar esta y otras oportunidades.<\/span><\/p>\n<\/div>\n<\/div>\n<div class=\"wpb_text_column\">\n<div class=\"wpb_wrapper\">\n<p>La facturaci\u00f3n de hoy dejar\u00e1 de ser un \u00e1rea con talonarios, una impresora y un esc\u00e1ner que genera reportes en Excel para que las \u00e1reas comerciales midan su cumplimiento y para que cartera saque indicadores m\u00e1s o menos generales, y se convertir\u00e1 en la\u00a0<strong>nueva protagonista de las estrategias comerciales y financieras.<\/strong><\/p>\n<\/div>\n<\/div>\n<div class=\"wpb_text_column recuadros brtecnologia\">\n<div class=\"wpb_wrapper\">\n<h4>Lo que dice la ley<\/h4>\n<ul>\n<li>El sistema de facturaci\u00f3n electr\u00f3nica en Colombia est\u00e1 definido por el Decreto 2242 de 2015.<\/li>\n<li>La resoluci\u00f3n 072 del 29 de diciembre de 2017 impuso a los primeros contribuyentes la obligaci\u00f3n de empezar a facturar electr\u00f3nicamente en junio de 2018.<\/li>\n<li>Hay un proyecto de decreto listo para ser firmado en la DIAN que obliga a los grandes contribuyentes a facturar electr\u00f3nicamente.<\/li>\n<li>Se espera que\u00a0<strong>en 2019 todas las empresas colombianas facturen electr\u00f3nicamente.<\/strong>\u00a0Antes de la fecha en que ser\u00e1 obligatorio, las empresas pueden aplicar ante la DIAN para facturar electr\u00f3nicamente de forma voluntaria y estar preparadas antes de la obligatoriedad.<\/li>\n<\/ul>\n<p><strong>\u00a0<\/strong><\/p>\n<\/div>\n<\/div>\n<h2 class=\"vc_custom_heading\">La factura electr\u00f3nica<\/h2>\n<div class=\"wpb_text_column\">\n<div class=\"wpb_wrapper\">\n<p>La facturaci\u00f3n habla de lo que m\u00e1s importa en cualquier negocio:<\/p>\n<ul>\n<li>De cada transacci\u00f3n con cada cliente.<\/li>\n<li>De los vol\u00famenes de compra.<\/li>\n<li>De la recompra.<\/li>\n<li>De los lugares en que recibe la mercanc\u00eda.<\/li>\n<li>De los cambios.<\/li>\n<li>De los plazos en que paga.<\/li>\n<\/ul>\n<p>Adem\u00e1s, una factura es un t\u00edtulo valor, es dinero que hoy se transa facilitando liquidez y generando oportunidades financieras.<\/p>\n<p>A trav\u00e9s de la DIAN, el Estado se ha percatado del valor de esta informaci\u00f3n: si se conoce y se cruza la venta de productos y la prestaci\u00f3n de servicios, se dar\u00e1 un paso gigantesco en el control de la evasi\u00f3n.<\/p>\n<div class=\"cita der\">\n<p>\u201cSi su empresa est\u00e1 verdaderamente interesada en la transformaci\u00f3n digital, debe incorporar la facturaci\u00f3n electr\u00f3nica en su visi\u00f3n de las oportunidades\u201d<\/p>\n<div class=\"autor\">Luis Alfonso Villegas,<\/div>\n<div class=\"cargo\">Gerente de Nuevos Negocios.<\/div>\n<\/div>\n<p>Por eso, la entidad tiene un proyecto de reglamentaci\u00f3n para que en septiembre de 2018 siete mil grandes facturadores del pa\u00eds empiecen a emitir facturas electr\u00f3nicas. Se prev\u00e9 que en 2019 pr\u00e1cticamente la totalidad del pa\u00eds deba hacer sus facturas en ese sistema.<\/p>\n<\/div>\n<\/div>\n<h2 class=\"vc_custom_heading\">Oportunidad para las empresas<\/h2>\n<div class=\"wpb_text_column\">\n<div class=\"wpb_wrapper\">\n<p>Para el Estado esta informaci\u00f3n es central y para las organizaciones es una gran oportunidad, porque un sistema de facturaci\u00f3n electr\u00f3nica potente y una buena inteligencia de negocios puede ser una herramienta para la toma de decisiones de relacionamiento, de planeaci\u00f3n de la oferta y hasta de pricing.<\/p>\n<p>Si se trata de cumplir las obligaciones consignadas en el Decreto 2242 de 2015, se pueden encontrar soluciones relativamente sencillas, pero si su empresa quiere capitalizar las posibilidades de este sistema, debe buscar un aliado que acompa\u00f1e la implementaci\u00f3n y tenga dominio para la toma de decisiones y la presentaci\u00f3n a las autoridades, pero adem\u00e1s, que entienda su negocio, ajuste la soluci\u00f3n a su medida y lo acompa\u00f1e en la implementaci\u00f3n. Alguien que ayude a gestionar tanto la emisi\u00f3n de las facturas como la recepci\u00f3n.<\/p>\n<\/div>\n<\/div>\n<div class=\"wpb_text_column\">\n<div class=\"wpb_wrapper\">\n<div class=\"destacados cen\">La facturaci\u00f3n electr\u00f3nica la puede hacer la propia compa\u00f1\u00eda con una soluci\u00f3n simple, contratar el uso de una plataforma o tener una soluci\u00f3n completa y potente con soporte permanente, anal\u00edtica y que le permita crecer sus perspectivas.<\/div>\n<\/div>\n<\/div>\n<div class=\"wpb_text_column\">\n<div class=\"wpb_wrapper\">\n<p><strong>En Cadena gestionamos la informaci\u00f3n transaccional de algunas de las organizaciones que m\u00e1s vol\u00famenes manejan en el pa\u00eds, y llevamos 35 a\u00f1os adoptando soluciones ante las nuevas necesidades de los clientes.<\/strong><\/p>\n<\/div>\n<\/div>\n<div class=\"wpb_text_column\">\n<div class=\"wpb_wrapper\">\n<p>Por eso, nos hemos acreditado ante la DIAN como proveedores tecnol\u00f3gicos del servicio de facturaci\u00f3n electr\u00f3nica. Hay varias empresas acreditadas para cumplir el requisito, pero como entendemos que es la informaci\u00f3n m\u00e1s sensible, que se requiere un manejo confiable y un operador que garantice experiencia en el pasado y permanencia en el futuro, creemos que Cadena re\u00fane las condiciones para ser el proveedor tecnol\u00f3gico de facturaci\u00f3n digital de su organizaci\u00f3n.<\/p>\n<\/div>\n<\/div>\n<div class=\"wpb_text_column recuadros brtecnologia\">\n<div class=\"wpb_wrapper\">\n<h4>As\u00ed lo hacemos en Cadena<\/h4>\n<p><span class=\"entradilla\">Hemos desarrollado una plataforma que cumple todas las condiciones de la DIAN, y que se adapta en funci\u00f3n de las necesidades de las empresas.<\/span><\/p>\n<div class=\"Imgtxt\">\n<div class=\"imgRecuadroTitulo\"><img decoding=\"async\" src=\"https:\/\/staffwww.cadena.com.co\/wp-content\/uploads\/2019\/11\/ico_implementacion_01.png\" \/><\/div>\n\u00a0\n<div class=\"txtRecuadroTitulo\"><strong class=\"subtitulo\">Implementaci\u00f3n<\/strong><\/div>\n<\/div>\n<ul>\n<li>Asesor\u00eda t\u00e9cnica jur\u00eddica y tributaria.<\/li>\n<li>Mapeo de formatos.<\/li>\n<li>Creaci\u00f3n de usuarios con acceso a la plataforma.<\/li>\n<li>Conexi\u00f3n con la DIAN.<\/li>\n<li>Sincronizaci\u00f3n con las plataformas de la compa\u00f1\u00eda.<\/li>\n<\/ul>\n<div class=\"Imgtxt\">\n<div class=\"imgRecuadroTitulo\"><img decoding=\"async\" src=\"https:\/\/staffwww.cadena.com.co\/wp-content\/uploads\/2019\/11\/ico_operacion_01.png\" \/><\/div>\n\u00a0\n<div class=\"txtRecuadroTitulo\"><strong class=\"subtitulo\">Operaci\u00f3n<\/strong><\/div>\n<\/div>\n<p>En cada transacci\u00f3n Cadena realiza:<\/p>\n<ul>\n<li>Recibo de la informaci\u00f3n.<\/li>\n<li>Procesamiento y generaci\u00f3n de la factura en formato XML.<\/li>\n<li>Env\u00edo y trazabilidad de un correo electr\u00f3nico al cliente.<\/li>\n<li>Firma digital y generaci\u00f3n del C\u00f3digo \u00danico de Factura Electr\u00f3nica (CUFE).<\/li>\n<li>Env\u00edo documento tributario a la DIAN mediante Web Service.<\/li>\n<li>Publicaci\u00f3n del documento tributario y representaci\u00f3n gr\u00e1fica en portal web con acceso a facturador y cliente.<\/li>\n<li>Recepci\u00f3n de facturas de acuerdo con el modelo de interoperabilidad.<\/li>\n<li>Almacenamiento de factura y documentos anexos.<\/li>\n<\/ul>\n<\/div>\n<\/div>\n<div class=\"w-image align_none\">\n<div class=\"w-image-h\"><img fetchpriority=\"high\" decoding=\"async\" class=\"attachment-full size-full\" src=\"https:\/\/staffwww.cadena.com.co\/wp-content\/uploads\/2019\/11\/factura-electronica-staff-01.jpg\" sizes=\"(max-width: 1600px) 100vw, 1600px\" srcset=\"https:\/\/staffwww.cadena.com.co\/wp-content\/uploads\/2019\/11\/factura-electronica-staff-01.jpg 1600w, https:\/\/staffwww.cadena.com.co\/wp-content\/uploads\/2019\/11\/factura-electronica-staff-01-300x139.jpg 300w, https:\/\/staffwww.cadena.com.co\/wp-content\/uploads\/2019\/11\/factura-electronica-staff-01-1024x476.jpg 1024w\" alt=\"\" width=\"1600\" height=\"743\" \/><\/div>\n<\/div>\n<div class=\"wpb_text_column ctatxt\">\n<div class=\"wpb_wrapper\">\n<p>Y usted, \u00bfes de los que ve la factura electr\u00f3nica solo como un requisito?, \u00bfqu\u00e9 piensa ahora? D\u00e9jenos sus comentarios.<\/p>\n<\/div>\n<\/div>\n<\/div>\n<\/div>\n<\/div>\n<\/div>\n<\/div>\n<\/div>\n<\/div>\n<\/div>\n<\/div>\n<\/div>\n<\/div>\n<\/div>\n<\/div>\n<\/div>\n<\/div>\n<\/div>\n<\/div>\n<\/div>\n<\/div>\n<\/div>\n<\/div>\n<\/div>\n<\/div>\n<\/div>\n<\/div>\n<\/div>\n<\/div>\n<\/div>\n<\/div>\n<\/div>\n<\/div>\n<\/div>\n<\/div>\n<\/div>\n<\/div>\n<\/div>\n<\/div>\n<\/div>\n<\/div>\n<\/div>\n<\/div>\n<\/div>\n<\/div>\n<\/div>\n<\/div>\n<\/div>\n<\/div>\n<\/div>\n<\/div>\n<\/div>\n<\/div>\n<\/div>\n<\/div>\n<\/div>\n<\/div>\n<\/div>\n<\/div>\n<\/div>\n<\/div>\n<\/div>\n<\/div>\n<\/div>\n<\/div>\n<\/div>\n<\/div>\n<\/div>\n<\/div>\n<\/div>\n<\/div>\n<\/div>\n<\/div>\n<\/div>\n<\/div>\n<\/div>\n<p><\/p>\t\t\t\t\t\t\t\t<\/div>\n\t\t\t\t<\/div>\n\t\t\t\t\t<\/div>\n\t\t<\/div>\n\t\t\t\t\t<\/div>\n\t\t<\/section>\n\t\t\t\t<section class=\"elementor-section elementor-top-section elementor-element elementor-element-7acda4f elementor-section-content-top elementor-section-boxed elementor-section-height-default elementor-section-height-default\" data-id=\"7acda4f\" data-element_type=\"section\" data-e-type=\"section\" data-settings=\"{&quot;jet_parallax_layout_list&quot;:[]}\">\n\t\t\t\t\t\t<div class=\"elementor-container elementor-column-gap-no\">\n\t\t\t\t\t<div class=\"elementor-column elementor-col-100 elementor-top-column elementor-element elementor-element-ca0a0a0\" data-id=\"ca0a0a0\" data-element_type=\"column\" data-e-type=\"column\">\n\t\t\t<div class=\"elementor-widget-wrap elementor-element-populated\">\n\t\t\t\t\t\t<div class=\"elementor-element elementor-element-5eacffd elementor-widget elementor-widget-hotspot\" data-id=\"5eacffd\" data-element_type=\"widget\" data-e-type=\"widget\" data-settings=\"{&quot;hotspot&quot;:[{&quot;_id&quot;:&quot;04e5e6c&quot;,&quot;hotspot_label&quot;:&quot;Haz clic aqu\\u00ed&quot;,&quot;hotspot_link&quot;:{&quot;url&quot;:&quot;https:\\\/\\\/axces.com.co\\\/&quot;,&quot;is_external&quot;:&quot;&quot;,&quot;nofollow&quot;:&quot;&quot;,&quot;custom_attributes&quot;:&quot;&quot;},&quot;hotspot_icon&quot;:{&quot;value&quot;:&quot;fas fa-mouse-pointer&quot;,&quot;library&quot;:&quot;fa-solid&quot;},&quot;hotspot_icon_spacing&quot;:{&quot;unit&quot;:&quot;px&quot;,&quot;size&quot;:7,&quot;sizes&quot;:[]},&quot;hotspot_tooltip_content&quot;:&quot;&quot;,&quot;hotspot_offset_x&quot;:{&quot;unit&quot;:&quot;%&quot;,&quot;size&quot;:69,&quot;sizes&quot;:[]},&quot;hotspot_offset_x_mobile&quot;:{&quot;unit&quot;:&quot;px&quot;,&quot;size&quot;:70,&quot;sizes&quot;:[]},&quot;hotspot_offset_y&quot;:{&quot;unit&quot;:&quot;%&quot;,&quot;size&quot;:84,&quot;sizes&quot;:[]},&quot;hotspot_offset_y_mobile&quot;:{&quot;unit&quot;:&quot;px&quot;,&quot;size&quot;:87,&quot;sizes&quot;:[]},&quot;hotspot_tooltip_position&quot;:&quot;&quot;,&quot;hotspot_tooltip_width_mobile&quot;:{&quot;unit&quot;:&quot;px&quot;,&quot;size&quot;:2000,&quot;sizes&quot;:[]},&quot;hotspot_custom_size&quot;:&quot;no&quot;,&quot;hotspot_horizontal&quot;:&quot;left&quot;,&quot;hotspot_vertical&quot;:&quot;top&quot;,&quot;hotspot_position&quot;:null}],&quot;hotspot_sequenced_animation&quot;:&quot;no&quot;,&quot;tooltip_position&quot;:&quot;top&quot;,&quot;tooltip_trigger&quot;:&quot;click&quot;,&quot;tooltip_animation&quot;:&quot;e-hotspot--fade-in-out&quot;}\" data-widget_type=\"hotspot.default\">\n\t\t\t\t<div class=\"elementor-widget-container\">\n\t\t\t\t\t<img decoding=\"async\" width=\"2560\" height=\"667\" src=\"https:\/\/www.cadena.com.co\/wp-content\/uploads\/Banner_AXCES_Final-scaled-1.jpg\" class=\"attachment-full size-full wp-image-2096\" alt=\"\" srcset=\"https:\/\/www.cadena.com.co\/wp-content\/uploads\/Banner_AXCES_Final-scaled-1.jpg 2560w, https:\/\/www.cadena.com.co\/wp-content\/uploads\/Banner_AXCES_Final-scaled-1-600x156.jpg 600w, https:\/\/www.cadena.com.co\/wp-content\/uploads\/Banner_AXCES_Final-scaled-1-1200x313.jpg 1200w, https:\/\/www.cadena.com.co\/wp-content\/uploads\/Banner_AXCES_Final-scaled-1-200x52.jpg 200w, https:\/\/www.cadena.com.co\/wp-content\/uploads\/Banner_AXCES_Final-scaled-1-768x200.jpg 768w, https:\/\/www.cadena.com.co\/wp-content\/uploads\/Banner_AXCES_Final-scaled-1-1536x400.jpg 1536w, https:\/\/www.cadena.com.co\/wp-content\/uploads\/Banner_AXCES_Final-scaled-1-2048x534.jpg 2048w\" sizes=\"(max-width: 2560px) 100vw, 2560px\" \/>\n\t\t\t\t\t\t<a class=\"e-hotspot elementor-repeater-item-04e5e6c  e-hotspot--position-left e-hotspot--position-top e-hotspot--link e-hotspot--no-tooltip\" href=\"https:\/\/axces.com.co\/\" target=\"_blank\" rel=\"noopener\">\n\n\t\t\t\t\t\t\t\t<div class=\"e-hotspot__button e-hotspot--expand\">\n\t\t\t\t\t\t\t\t\t\t\t\t\t\t\t\t\t\t<div class=\"e-hotspot__icon\"><svg class=\"e-font-icon-svg e-fas-mouse-pointer\" viewBox=\"0 0 320 512\" xmlns=\"http:\/\/www.w3.org\/2000\/svg\"><path d=\"M302.189 329.126H196.105l55.831 135.993c3.889 9.428-.555 19.999-9.444 23.999l-49.165 21.427c-9.165 4-19.443-.571-23.332-9.714l-53.053-129.136-86.664 89.138C18.729 472.71 0 463.554 0 447.977V18.299C0 1.899 19.921-6.096 30.277 5.443l284.412 292.542c11.472 11.179 3.007 31.141-12.5 31.141z\"><\/path><\/svg><\/div>\n\t\t\t\t\t\t\t\t\t\t\t\t\t\t\t\t\t\t\t<div class=\"e-hotspot__label\">Haz clic aqu\u00ed<\/div>\n\t\t\t\t\t\t\t\t\t\t\t\t\t\t\t<\/div>\n\n\t\t\t\t\t\t\t\t\n\t\t\t<\/a>\n\n\t\n\t\t\t\t\t\t<\/div>\n\t\t\t\t<\/div>\n\t\t\t\t\t<\/div>\n\t\t<\/div>\n\t\t\t\t\t<\/div>\n\t\t<\/section>\n\t\t\t\t<\/div>\n\t\t","protected":false},"excerpt":{"rendered":"<p>Una de las oportunidades que trae la factura electr\u00f3nica para las empresas es hacer inteligencia de negocios. Ent\u00e9rese c\u00f3mo puede capitalizar esta y otras oportunidades. La facturaci\u00f3n de hoy dejar\u00e1 de ser un \u00e1rea con talonarios, una impresora y un esc\u00e1ner que genera reportes en Excel para que las \u00e1reas comerciales midan su cumplimiento y [&hellip;]<\/p>\n","protected":false},"author":2,"featured_media":4143,"comment_status":"open","ping_status":"closed","sticky":false,"template":"","format":"standard","meta":{"inline_featured_image":false,"footnotes":""},"categories":[29],"tags":[48],"class_list":["post-4142","post","type-post","status-publish","format-standard","has-post-thumbnail","hentry","category-tecnologia","tag-factura-electronica"],"_links":{"self":[{"href":"https:\/\/www.cadena.com.co\/en\/wp-json\/wp\/v2\/posts\/4142","targetHints":{"allow":["GET"]}}],"collection":[{"href":"https:\/\/www.cadena.com.co\/en\/wp-json\/wp\/v2\/posts"}],"about":[{"href":"https:\/\/www.cadena.com.co\/en\/wp-json\/wp\/v2\/types\/post"}],"author":[{"embeddable":true,"href":"https:\/\/www.cadena.com.co\/en\/wp-json\/wp\/v2\/users\/2"}],"replies":[{"embeddable":true,"href":"https:\/\/www.cadena.com.co\/en\/wp-json\/wp\/v2\/comments?post=4142"}],"version-history":[{"count":0,"href":"https:\/\/www.cadena.com.co\/en\/wp-json\/wp\/v2\/posts\/4142\/revisions"}],"wp:featuredmedia":[{"embeddable":true,"href":"https:\/\/www.cadena.com.co\/en\/wp-json\/wp\/v2\/media\/4143"}],"wp:attachment":[{"href":"https:\/\/www.cadena.com.co\/en\/wp-json\/wp\/v2\/media?parent=4142"}],"wp:term":[{"taxonomy":"category","embeddable":true,"href":"https:\/\/www.cadena.com.co\/en\/wp-json\/wp\/v2\/categories?post=4142"},{"taxonomy":"post_tag","embeddable":true,"href":"https:\/\/www.cadena.com.co\/en\/wp-json\/wp\/v2\/tags?post=4142"}],"curies":[{"name":"wp","href":"https:\/\/api.w.org\/{rel}","templated":true}]}}