{"id":4130,"date":"2022-11-15T15:13:01","date_gmt":"2022-11-15T20:13:01","guid":{"rendered":"https:\/\/www.cadena.com.co\/?p=4130"},"modified":"2025-03-19T20:37:26","modified_gmt":"2025-03-20T01:37:26","slug":"cambiar-la-cultura-corporativa-para-transformarse","status":"publish","type":"post","link":"https:\/\/www.cadena.com.co\/en\/cambiar-la-cultura-corporativa-para-transformarse\/","title":{"rendered":"Cambiar la cultura corporativa para transformarse"},"content":{"rendered":"<div data-elementor-type=\"wp-post\" data-elementor-id=\"4130\" class=\"elementor elementor-4130\" data-elementor-post-type=\"post\">\n\t\t\t\t\t\t<section class=\"elementor-section elementor-top-section elementor-element elementor-element-4ee8765f elementor-section-boxed elementor-section-height-default elementor-section-height-default\" data-id=\"4ee8765f\" data-element_type=\"section\" data-e-type=\"section\" data-settings=\"{&quot;jet_parallax_layout_list&quot;:[]}\">\n\t\t\t\t\t\t<div class=\"elementor-container elementor-column-gap-default\">\n\t\t\t\t\t<div class=\"elementor-column elementor-col-100 elementor-top-column elementor-element elementor-element-5b49fd2\" data-id=\"5b49fd2\" data-element_type=\"column\" data-e-type=\"column\">\n\t\t\t<div class=\"elementor-widget-wrap elementor-element-populated\">\n\t\t\t\t\t\t<div class=\"elementor-element elementor-element-7870cdf3 elementor-widget elementor-widget-text-editor\" data-id=\"7870cdf3\" data-element_type=\"widget\" data-e-type=\"widget\" data-widget_type=\"text-editor.default\">\n\t\t\t\t<div class=\"elementor-widget-container\">\n\t\t\t\t\t\t\t\t\t<p><\/p>\n<div class=\"wpb_text_column entradillasBlog\">\n<div class=\"wpb_wrapper\">\n<div class=\"wpb_text_column entradillasBlog\">\n<div class=\"wpb_wrapper\">\n<div class=\"wpb_text_column entradillasBlog\">\n<div class=\"wpb_wrapper\">\n<div class=\"wpb_text_column entradillasBlog\">\n<div class=\"wpb_wrapper\">\n<div class=\"wpb_text_column entradillasBlog\">\n<div class=\"wpb_wrapper\">\n<div class=\"wpb_text_column entradillasBlog\">\n<div class=\"wpb_wrapper\">\n<div class=\"wpb_text_column entradillasBlog\">\n<div class=\"wpb_wrapper\">\n<div class=\"wpb_text_column entradillasBlog\">\n<div class=\"wpb_wrapper\">\n<div class=\"wpb_text_column entradillasBlog\">\n<div class=\"wpb_wrapper\">\n<div class=\"wpb_text_column entradillasBlog\">\n<div class=\"wpb_wrapper\">\n<div class=\"wpb_text_column entradillasBlog\">\n<div class=\"wpb_wrapper\">\n<div class=\"wpb_text_column entradillasBlog\">\n<div class=\"wpb_wrapper\">\n<div class=\"wpb_text_column entradillasBlog\">\n<div class=\"wpb_wrapper\">\n<div class=\"wpb_text_column entradillasBlog\">\n<div class=\"wpb_wrapper\">\n<div class=\"wpb_text_column entradillasBlog\">\n<div class=\"wpb_wrapper\">\n<div class=\"wpb_text_column entradillasBlog\">\n<div class=\"wpb_wrapper\">\n<div class=\"wpb_text_column entradillasBlog\">\n<div class=\"wpb_wrapper\">\n<div class=\"wpb_text_column entradillasBlog\">\n<div class=\"wpb_wrapper\">\n<div class=\"wpb_text_column entradillasBlog\">\n<div class=\"wpb_wrapper\">\n<div class=\"wpb_text_column entradillasBlog\">\n<div class=\"wpb_wrapper\">\n<div class=\"wpb_text_column entradillasBlog\">\n<div class=\"wpb_wrapper\">\n<div class=\"wpb_text_column entradillasBlog\">\n<div class=\"wpb_wrapper\">\n<div class=\"wpb_text_column entradillasBlog\">\n<div class=\"wpb_wrapper\">\n<div class=\"wpb_text_column entradillasBlog\">\n<div class=\"wpb_wrapper\">\n<div class=\"wpb_text_column entradillasBlog\">\n<div class=\"wpb_wrapper\">\n<div class=\"wpb_text_column entradillasBlog\">\n<div class=\"wpb_wrapper\">\n<div class=\"wpb_text_column entradillasBlog\">\n<div class=\"wpb_wrapper\">\n<div class=\"wpb_text_column entradillasBlog\">\n<div class=\"wpb_wrapper\">\n<div class=\"wpb_text_column entradillasBlog\">\n<div class=\"wpb_wrapper\">\n<div class=\"wpb_text_column entradillasBlog\">\n<div class=\"wpb_wrapper\">\n<div class=\"wpb_text_column entradillasBlog\">\n<div class=\"wpb_wrapper\">\n<div class=\"wpb_text_column entradillasBlog\">\n<div class=\"wpb_wrapper\">\n<div class=\"wpb_text_column entradillasBlog\">\n<div class=\"wpb_wrapper\">\n<div class=\"wpb_text_column entradillasBlog\">\n<div class=\"wpb_wrapper\">\n<div class=\"wpb_text_column entradillasBlog\">\n<div class=\"wpb_wrapper\">\n<div class=\"wpb_text_column entradillasBlog\">\n<div class=\"wpb_wrapper\">\n<div class=\"wpb_text_column entradillasBlog\">\n<div class=\"wpb_wrapper\">\n<p>Para que los negocios vivan una verdadera transformaci\u00f3n tecnol\u00f3gica, adem\u00e1s de invertir en las tecnolog\u00edas adecuadas, es clave apostar por un cambio cultural. V\u00edctor Manuel Mu\u00f1oz Rodr\u00edguez, alto consejero para la Innovaci\u00f3n y la Transformaci\u00f3n Digital de la Presidencia de la Rep\u00fablica, habla en esta entrevista sobre el papel de la tecnolog\u00eda y de la cultura corporativa en las empresas de hoy.<\/p>\n<\/div>\n<\/div>\n<div class=\"wpb_text_column\">\n<div class=\"wpb_wrapper\">\n<p>M\u00e1s all\u00e1 de implementar cambios en los procesos y en las herramientas tecnol\u00f3gicas, para poder destacarse en el mercado de hoy, que se transforma continuamente,\u00a0<strong>es fundamental que las empresas vivan al interior un cambio cultural,<\/strong>\u00a0esto es lo que les permite estar abiertas a nuevos desaf\u00edos y aprendizajes para innovar y agregar valor de manera diferente.<\/p>\n<p>Por eso, como afirman muchos expertos en el mundo,\u00a0<strong>la cultura debe ser el eje de la transformaci\u00f3n tecnol\u00f3gica,<\/strong>\u00a0esto lo ratifica Mu\u00f1oz Rodr\u00edguez en la siguiente entrevista.<\/p>\n<\/div>\n<\/div>\n<h2 class=\"vc_custom_heading\">\u00bfCu\u00e1les son las capacidades que deben desarrollar las empresas para su transformaci\u00f3n tecnol\u00f3gica?<\/h2>\n<div class=\"wpb_text_column\">\n<div class=\"wpb_wrapper\">\n<div class=\"cita der\">\n<p>\u201cSiempre es bueno contar con expertos en tecnolog\u00eda y en procesos, y no estar permanentemente en esquemas de ensayo y error\u201d,<\/p>\n<div class=\"autor\">V\u00edctor Manuel Mu\u00f1oz Rodr\u00edguez.<\/div>\n<\/div>\n<p>Los procesos de transformaci\u00f3n tecnol\u00f3gica empresarial tienen tres componentes: cultural, procesos y tecnolog\u00eda. Esto no es un tema de moda y est\u00e1 concebido para mejorar la productividad y los servicios, y evolucionar hacia nuevos o mejores modelos de negocio.\u00a0<strong>El mayor reto pasa por el cambio cultural y tener el talento adecuado.<\/strong>\u00a0Por ello, debe existir desde la alta direcci\u00f3n, un prop\u00f3sito de simplificar procesos, digitalizar y lograr mejores resultados. As\u00ed mismo, promover la formaci\u00f3n de ciertas competencias, desarrollando ambientes de capacitaci\u00f3n y vali\u00e9ndose de las ofertas existentes; e intercambiar conocimiento con actores internacionales para adaptarse a los retos del futuro en escenarios globales.<\/p>\n<\/div>\n<\/div>\n<h2 class=\"vc_custom_heading\">\u00bfCu\u00e1les son los beneficios que se pueden obtener?<\/h2>\n<div class=\"wpb_text_column\">\n<div class=\"wpb_wrapper\">\n<p>Productividad, eficiencia, velocidad,\u00a0<em>delivery<\/em>, personalizaci\u00f3n y, lo m\u00e1s importante,\u00a0<strong>experiencia de usuario para conocer y responder en tiempo real a sus necesidades y expectativas.<\/strong>\u00a0Igualmente, las tecnolog\u00edas pueden proponer un cambio en infraestructura y procesos, convirti\u00e9ndose en un elemento primordial para repensar los negocios desde su base, con nuevas metas y objetivos estrat\u00e9gicos.<\/p>\n<\/div>\n<\/div>\n<h2 class=\"vc_custom_heading\">\u00bfPor qu\u00e9 las empresas deben entender que no basta con adquirir tecnolog\u00eda de punta para transformarse si no saben c\u00f3mo aplicarla?<\/h2>\n<div class=\"wpb_text_column\">\n<div class=\"wpb_wrapper\">\n<p>La tecnolog\u00eda siempre ha sido un medio, no un fin. Si aplicamos tecnolog\u00eda a procesos obsoletos o digitalizamos un proceso, pero permanece inalterado, simplemente habremos logrado que este sea digital, pero seguir\u00e1 siendo ineficiente.\u00a0<strong>Antes de invertir en tecnolog\u00eda es necesario tener un assessment inicial, definir las metas del proceso de transformaci\u00f3n y conocer los impactos que se quieren alcanzar.<\/strong>\u00a0Las entidades deber\u00edan especializarse en el desarrollo de m\u00e9tricas que les permitan medir y evaluar si est\u00e1n obteniendo los resultados esperados o qu\u00e9 cambios deber\u00edan hacer.<\/p>\n<\/div>\n<\/div>\n<h2 class=\"vc_custom_heading\">\u00bfCu\u00e1les son las barreras a las que se enfrentan las empresas en Colombia cuando deciden avanzar hacia una transformaci\u00f3n tecnol\u00f3gica?<\/h2>\n<div class=\"wpb_text_column\">\n<div class=\"wpb_wrapper\">\n<p>La falta de talento dentro de los negocios, carecer de informaci\u00f3n de tendencias o de usos especializados por sector, ignorar las funcionalidades que brindan las tecnolog\u00edas emergentes, resistencias culturales, falta de desarrollo de una infraestructura digital y costos de implementaci\u00f3n que todav\u00eda no se justifican, en gran medida, por desconocimiento. A esto se une lo que hemos caracterizado como falta de condiciones habilitantes: acceso a datos \u2014especialmente estructurados\u2014, infraestructura p\u00fablica que soporte la actividad empresarial y conectividad. Esperamos superar las condiciones habilitantes de manera pronta y efectiva con diversas medidas y cambios normativos.<\/p>\n<\/div>\n<\/div>\n<h3 class=\"vc_custom_heading\">\u00bfPor qu\u00e9 es clave que en este proceso las empresas busquen aliados estrat\u00e9gicos y especializados?<\/h3>\n<div class=\"wpb_text_column\">\n<div class=\"wpb_wrapper\">\n<p>Los aliados traen nuevos conceptos, usualmente son\u00a0<em>startups<\/em>\u00a0con metodolog\u00edas \u00e1giles, manejan conceptos de prototipado y son grandes socios en el cambio cultural.\u00a0<strong>Estos expertos conocen modelos de \u00e9xito, sirviendo de aprendizaje para evitar gastos innecesarios.<\/strong>\u00a0Colombia tiene la oportunidad de valerse del conocimiento que han generado las empresas y los pa\u00edses que lideran la industria tecnol\u00f3gica.<\/p>\n<\/div>\n<\/div>\n<h2 class=\"vc_custom_heading\">\u00bfCu\u00e1les son las metas que se ha fijado la industria colombiana para avanzar en la transformaci\u00f3n tecnol\u00f3gica?<\/h2>\n<div class=\"wpb_text_column\">\n<div class=\"wpb_wrapper\">\n<p>En el corto plazo, aumento de productividad, digitalizaci\u00f3n de tr\u00e1mites y fin de procesos f\u00edsicos, servicios en la nube, asistentes virtuales 7\u00d724 en modalidad chatbot, tener y crear infraestructura de datos p\u00fablicos, brindar conocimiento e identificar cu\u00e1les barreras deben ser resueltas por el Estado o por las empresas. En el largo plazo, automatizaci\u00f3n de procesos; uso de inteligencia artificial para optimizaci\u00f3n de servicios e implementaci\u00f3n de estos sistemas para toma de decisiones; modelos disruptivos basados en tecnolog\u00edas de la cuarta revoluci\u00f3n industrial; interoperabilidad a todo nivel; planes robustos de ciberseguridad; infraestructura f\u00edsica interconectada; y robotizaci\u00f3n de la econom\u00eda.<\/p>\n<\/div>\n<\/div>\n<\/div>\n<\/div>\n<div class=\"wpb_text_column recuadros brtecnologia\">\n<div class=\"wpb_wrapper\">\u00a0<\/div>\n<\/div>\n<\/div>\n<\/div>\n<\/div>\n<\/div>\n<\/div>\n<\/div>\n<\/div>\n<\/div>\n<\/div>\n<\/div>\n<\/div>\n<\/div>\n<\/div>\n<\/div>\n<\/div>\n<\/div>\n<\/div>\n<\/div>\n<\/div>\n<\/div>\n<\/div>\n<\/div>\n<\/div>\n<\/div>\n<\/div>\n<\/div>\n<\/div>\n<\/div>\n<\/div>\n<\/div>\n<\/div>\n<\/div>\n<\/div>\n<\/div>\n<\/div>\n<\/div>\n<\/div>\n<\/div>\n<\/div>\n<\/div>\n<\/div>\n<\/div>\n<\/div>\n<\/div>\n<\/div>\n<\/div>\n<\/div>\n<\/div>\n<\/div>\n<\/div>\n<\/div>\n<\/div>\n<\/div>\n<\/div>\n<\/div>\n<\/div>\n<\/div>\n<\/div>\n<\/div>\n<\/div>\n<\/div>\n<\/div>\n<\/div>\n<\/div>\n<\/div>\n<\/div>\n<\/div>\n<\/div>\n<\/div>\n<\/div>\n<p><\/p>\t\t\t\t\t\t\t\t<\/div>\n\t\t\t\t<\/div>\n\t\t\t\t\t<\/div>\n\t\t<\/div>\n\t\t\t\t\t<\/div>\n\t\t<\/section>\n\t\t\t\t<section class=\"elementor-section elementor-top-section elementor-element elementor-element-4e9e690 elementor-section-boxed elementor-section-height-default elementor-section-height-default\" data-id=\"4e9e690\" data-element_type=\"section\" data-e-type=\"section\" data-settings=\"{&quot;jet_parallax_layout_list&quot;:[]}\">\n\t\t\t\t\t\t<div class=\"elementor-container elementor-column-gap-default\">\n\t\t\t\t\t<div class=\"elementor-column elementor-col-100 elementor-top-column elementor-element elementor-element-c6311fb\" data-id=\"c6311fb\" data-element_type=\"column\" data-e-type=\"column\">\n\t\t\t<div class=\"elementor-widget-wrap elementor-element-populated\">\n\t\t\t\t\t\t<div class=\"elementor-element elementor-element-685425c elementor-widget elementor-widget-image\" data-id=\"685425c\" data-element_type=\"widget\" data-e-type=\"widget\" data-widget_type=\"image.default\">\n\t\t\t\t<div class=\"elementor-widget-container\">\n\t\t\t\t\t\t\t\t\t\t\t\t\t\t\t\t<a href=\"https:\/\/www.cadena.com.co\/en\/?p=33\">\n\t\t\t\t\t\t\t<img fetchpriority=\"high\" decoding=\"async\" width=\"2100\" height=\"700\" src=\"https:\/\/www.cadena.com.co\/wp-content\/uploads\/autopauta-4-acompanar-empresas.png\" class=\"attachment-full size-full wp-image-10331\" alt=\"\" srcset=\"https:\/\/www.cadena.com.co\/wp-content\/uploads\/autopauta-4-acompanar-empresas.png 2100w, https:\/\/www.cadena.com.co\/wp-content\/uploads\/autopauta-4-acompanar-empresas-600x200.png 600w, https:\/\/www.cadena.com.co\/wp-content\/uploads\/autopauta-4-acompanar-empresas-1200x400.png 1200w, https:\/\/www.cadena.com.co\/wp-content\/uploads\/autopauta-4-acompanar-empresas-200x67.png 200w, https:\/\/www.cadena.com.co\/wp-content\/uploads\/autopauta-4-acompanar-empresas-768x256.png 768w, https:\/\/www.cadena.com.co\/wp-content\/uploads\/autopauta-4-acompanar-empresas-1536x512.png 1536w, https:\/\/www.cadena.com.co\/wp-content\/uploads\/autopauta-4-acompanar-empresas-2048x683.png 2048w\" sizes=\"(max-width: 2100px) 100vw, 2100px\" \/>\t\t\t\t\t\t\t\t<\/a>\n\t\t\t\t\t\t\t\t\t\t\t\t\t\t\t<\/div>\n\t\t\t\t<\/div>\n\t\t\t\t\t<\/div>\n\t\t<\/div>\n\t\t\t\t\t<\/div>\n\t\t<\/section>\n\t\t\t\t<\/div>","protected":false},"excerpt":{"rendered":"<p>Para que los negocios vivan una verdadera transformaci\u00f3n tecnol\u00f3gica, adem\u00e1s de invertir en las tecnolog\u00edas adecuadas, es clave apostar por un cambio cultural. V\u00edctor Manuel Mu\u00f1oz Rodr\u00edguez, alto consejero para la Innovaci\u00f3n y la Transformaci\u00f3n Digital de la Presidencia de la Rep\u00fablica, habla en esta entrevista sobre el papel de la tecnolog\u00eda y de la [&hellip;]<\/p>\n","protected":false},"author":2,"featured_media":4131,"comment_status":"closed","ping_status":"closed","sticky":false,"template":"","format":"standard","meta":{"inline_featured_image":false,"footnotes":""},"categories":[29],"tags":[41,43],"class_list":["post-4130","post","type-post","status-publish","format-standard","has-post-thumbnail","hentry","category-tecnologia","tag-cultura-organizacional","tag-tecnologia"],"_links":{"self":[{"href":"https:\/\/www.cadena.com.co\/en\/wp-json\/wp\/v2\/posts\/4130","targetHints":{"allow":["GET"]}}],"collection":[{"href":"https:\/\/www.cadena.com.co\/en\/wp-json\/wp\/v2\/posts"}],"about":[{"href":"https:\/\/www.cadena.com.co\/en\/wp-json\/wp\/v2\/types\/post"}],"author":[{"embeddable":true,"href":"https:\/\/www.cadena.com.co\/en\/wp-json\/wp\/v2\/users\/2"}],"replies":[{"embeddable":true,"href":"https:\/\/www.cadena.com.co\/en\/wp-json\/wp\/v2\/comments?post=4130"}],"version-history":[{"count":1,"href":"https:\/\/www.cadena.com.co\/en\/wp-json\/wp\/v2\/posts\/4130\/revisions"}],"predecessor-version":[{"id":16885,"href":"https:\/\/www.cadena.com.co\/en\/wp-json\/wp\/v2\/posts\/4130\/revisions\/16885"}],"wp:featuredmedia":[{"embeddable":true,"href":"https:\/\/www.cadena.com.co\/en\/wp-json\/wp\/v2\/media\/4131"}],"wp:attachment":[{"href":"https:\/\/www.cadena.com.co\/en\/wp-json\/wp\/v2\/media?parent=4130"}],"wp:term":[{"taxonomy":"category","embeddable":true,"href":"https:\/\/www.cadena.com.co\/en\/wp-json\/wp\/v2\/categories?post=4130"},{"taxonomy":"post_tag","embeddable":true,"href":"https:\/\/www.cadena.com.co\/en\/wp-json\/wp\/v2\/tags?post=4130"}],"curies":[{"name":"wp","href":"https:\/\/api.w.org\/{rel}","templated":true}]}}