{"id":3528,"date":"2022-11-09T17:08:31","date_gmt":"2022-11-09T22:08:31","guid":{"rendered":"https:\/\/www.cadena.com.co\/?p=3528"},"modified":"2022-11-09T17:08:31","modified_gmt":"2022-11-09T22:08:31","slug":"marcas-que-suman-en-tiempos-de-incertidumbre","status":"publish","type":"post","link":"https:\/\/www.cadena.com.co\/en\/marcas-que-suman-en-tiempos-de-incertidumbre\/","title":{"rendered":"Marcas que suman en tiempos de incertidumbre"},"content":{"rendered":"<div data-elementor-type=\"wp-post\" data-elementor-id=\"3528\" class=\"elementor elementor-3528\" data-elementor-post-type=\"post\">\n\t\t\t\t\t\t<section class=\"elementor-section elementor-top-section elementor-element elementor-element-4ee8765f elementor-section-boxed elementor-section-height-default elementor-section-height-default\" data-id=\"4ee8765f\" data-element_type=\"section\" data-e-type=\"section\" data-settings=\"{&quot;jet_parallax_layout_list&quot;:[]}\">\n\t\t\t\t\t\t<div class=\"elementor-container elementor-column-gap-default\">\n\t\t\t\t\t<div class=\"elementor-column elementor-col-100 elementor-top-column elementor-element elementor-element-5b49fd2\" data-id=\"5b49fd2\" data-element_type=\"column\" data-e-type=\"column\">\n\t\t\t<div class=\"elementor-widget-wrap elementor-element-populated\">\n\t\t\t\t\t\t<div class=\"elementor-element elementor-element-7870cdf3 elementor-widget elementor-widget-text-editor\" data-id=\"7870cdf3\" data-element_type=\"widget\" data-e-type=\"widget\" data-widget_type=\"text-editor.default\">\n\t\t\t\t<div class=\"elementor-widget-container\">\n\t\t\t\t\t\t\t\t\t<div class=\"wpb_text_column entradillasBlog\">\n<div class=\"wpb_wrapper\">\n<p>Imaginaci\u00f3n, capacidad de reacci\u00f3n, valores s\u00f3lidos, innovaci\u00f3n para minimizar los impactos, visi\u00f3n comercial y proyecci\u00f3n a largo plazo, son las cualidades de las marcas que han creado iniciativas poderosas para afrontar la crisis del COVID19. \u00bfC\u00f3mo lo hicieron? \u00bfCu\u00e1les son sus \u00e9xitos?<\/p>\n<\/div>\n<\/div>\n<div class=\"wpb_text_column\">\n<div class=\"wpb_wrapper\">\n<p>En una semana cambi\u00f3 la vida en el pa\u00eds como parte de las transformaciones escalonadas en el mundo por el COVID19. Sin embargo, en ese mismo tiempo, y mucho menos, se han creado iniciativas disruptivas para sortear la incertidumbre laboral en el presente y a futuro.<\/p>\n<p>Los caminos han sido dar valor a la generosidad, reafirmar los prop\u00f3sitos, actuar a consecuencia de las nuevas necesidades, no disfrazar las acciones comerciales, comunicar a tiempo, unir ideas y pensar m\u00e1s que en clientes, en seres humanos.<\/p>\n<p>Estas son algunas marcas y acciones que suman. Su gran lecci\u00f3n es, sin duda, no detenerse ante la crisis, ni siquiera, a pensar; e implementar ideas que sobre la marcha dir\u00e1n si valieron o no la pena.<\/p>\n<\/div>\n<\/div>\n<h2 class=\"vc_custom_heading\"><a href=\"https:\/\/www.proyectosunrise.co\/\" target=\" _blank\" rel=\"noopener\">Dar valor a la solidaridad, Sunrise<\/a><\/h2>\n<div class=\"wpb_raw_code wpb_content_element wpb_raw_html\">\n<div class=\"wpb_wrapper\"><iframe src=\"https:\/\/w.soundcloud.com\/player\/?url=https%3A\/\/api.soundcloud.com\/tracks\/794190010%3Fsecret_token%3Ds-G5G7eEUaJcf&amp;color=%23fce4d1&amp;auto_play=false&amp;hide_related=false&amp;show_comments=true&amp;show_user=true&amp;show_reposts=false&amp;show_teaser=true\" width=\"100%\" height=\"166\" frameborder=\"no\" scrolling=\"no\" data-mce-fragment=\"1\"><\/iframe><\/div>\n<\/div>\n<div class=\"w-separator size_small\">\u00a0<\/div>\n<div class=\"wpb_text_column\">\n<div class=\"wpb_wrapper\">\n<p><strong>Su\u00a0<em>sloga<\/em>n:\u00a0<\/strong><em>La solidaridad es m\u00e1s contagiosa que un virus<\/em>.<\/p>\n<p><strong>As\u00ed funciona:<\/strong>\u00a0es una plataforma que une a empresas y consumidores para la compra y venta anticipada de productos con el fin de ayudar a las pymes a sobrevivir durante la crisis. Los empresarios se fijan una meta de ventas y pueden acceder a los archivos publicitarios para promocionarse. Los consumidores compran a trav\u00e9s de una galer\u00eda de pago y reciben bonos que pueden redimir despu\u00e9s de la cuarentena. En 15 d\u00edas, Sunrise facilit\u00f3 a 353 negocios la pre-venta de productos por m\u00e1s de 182 millones de pesos a 2.578 consumidores solidarios. \u201cNuestro gran logro ha sido devolver la esperanza a peque\u00f1os comerciantes que no ve\u00edan m\u00e1s que la quiebra en el futuro y ahora tienen para pagar su n\u00f3mina y sus obligaciones y creen en volver a empezar y en reinventarse\u201d, dice Daniel Harry, uno de los cinco creadores de esta iniciativa que naci\u00f3 en una cerveceada entre amigos, y que en un d\u00eda ya ten\u00eda 300 negocios inscritos, y en d\u00eda y medio, lanz\u00f3 su web y recibi\u00f3 50 transferencias por 3 millones de pesos en pre-compras. Comenzaron con formularios de Google, archivos en Excel y c\u00f3digos de consumo. Hoy, seis empresas los respaldan con consultor\u00eda jur\u00eddica, dise\u00f1o y video\u00a0<em>marketing<\/em>, verificaci\u00f3n de datos de negocios, pasarela de pagos, asesor\u00eda en incubaci\u00f3n y soporte t\u00e9cnico. \u201cEste virus no se acaba en cuarentena, as\u00ed que este proyecto seguir\u00e1 fortaleci\u00e9ndose con una propuesta de valor clara, creer en la venta anticipada como modelo de negocio para los peque\u00f1os comerciantes como panader\u00edas, librer\u00edas, caf\u00e9s, restaurantes y otros\u201d, a\u00f1ade Daniel Harry.<\/p>\n<\/div>\n<\/div>\n<div class=\"g-cols wpb_row  type_default valign_top vc_inner\">\n<div class=\"vc_col-sm-3 wpb_column vc_column_container\">\n<div class=\"vc_column-inner\">\n<div class=\"wpb_wrapper\">\u00a0<\/div>\n<\/div>\n<\/div>\n<div class=\"vc_col-sm-6 wpb_column vc_column_container\">\n<div class=\"vc_column-inner\">\n<div class=\"wpb_wrapper\">\n<div class=\"w-video ratio_16x9 align_center\">\n<div class=\"w-video-h\"><iframe src=\"https:\/\/www.youtube.com\/embed\/msMzKi4IA0w\" allowfullscreen=\"allowfullscreen\" data-mce-fragment=\"1\"><\/iframe><\/div>\n<\/div>\n<\/div>\n<\/div>\n<\/div>\n<div class=\"vc_col-sm-3 wpb_column vc_column_container\">\n<div class=\"vc_column-inner\">\n<div class=\"wpb_wrapper\">\u00a0<\/div>\n<\/div>\n<\/div>\n<\/div>\n<h2 class=\"vc_custom_heading\"><a href=\"http:\/\/www.tiendacercanapostobon.com\/\" target=\" _blank\" rel=\"noopener\">Actuar a consecuencia de nuevas necesidades, Tienda cercana Postob\u00f3n<\/a><\/h2>\n<div class=\"w-separator size_small\">\u00a0<\/div>\n<div class=\"w-image align_none\">\n<div class=\"w-image-h\"><img fetchpriority=\"high\" decoding=\"async\" class=\"attachment-full size-full\" src=\"https:\/\/staffwww.cadena.com.co\/wp-content\/uploads\/2020\/04\/marcas-suman-tiempos-incertidumbre-02.jpg\" sizes=\"(max-width: 1200px) 100vw, 1200px\" srcset=\"https:\/\/staffwww.cadena.com.co\/wp-content\/uploads\/2020\/04\/marcas-suman-tiempos-incertidumbre-02.jpg 1200w, https:\/\/staffwww.cadena.com.co\/wp-content\/uploads\/2020\/04\/marcas-suman-tiempos-incertidumbre-02-300x118.jpg 300w, https:\/\/staffwww.cadena.com.co\/wp-content\/uploads\/2020\/04\/marcas-suman-tiempos-incertidumbre-02-1024x403.jpg 1024w\" alt=\"\" width=\"1200\" height=\"472\" \/><\/div>\n<\/div>\n<div class=\"wpb_text_column\">\n<div class=\"wpb_wrapper\">\n<p><strong>Su\u00a0<em>sloga<\/em>n:\u00a0<\/strong><em>Qu\u00e9date en casa, t\u00f3mate la vida con responsabilidad<\/em>.<\/p>\n<p><strong>As\u00ed funciona:<\/strong>\u00a0es un directorio web que visibiliza las tiendas, panader\u00edas, supermercados y mini mercados de barrio para que los colombianos se abastezcan a domicilio de alimentos y v\u00edveres. \u201cCon esta herramienta queremos que las tiendas de barrio sigan vigentes, pues son motores del comercio y econom\u00eda nacional, vitales para fortalecer el tejido social\u201d, dice Juan Fernando Maya Restrepo, vicepresidente de Ventas de Postob\u00f3n. La web es gratuita, cuenta m\u00e1s de 4.000 comercios en m\u00e1s de 115 municipios y permite que cualquier negocio se registre para domicilios y sea publicado tras la verificaci\u00f3n de su nombre, direcci\u00f3n y tel\u00e9fono. Opera bajo georreferenciaci\u00f3n, lo que permite conocer y contactar tiendas cercanas a las casas. Postob\u00f3n tambi\u00e9n invierte 9.000 millones de pesos en el desarrollo de ventiladores mec\u00e1nicos para enfrentar la crisis y aporta un mill\u00f3n de litros de agua y bebidas para cubrir las necesidades de hospitales y comunidades vulnerables.<\/p>\n<\/div>\n<\/div>\n<div class=\"g-cols wpb_row  type_default valign_top vc_inner\">\n<div class=\"vc_col-sm-3 wpb_column vc_column_container\">\n<div class=\"vc_column-inner\">\n<div class=\"wpb_wrapper\">\u00a0<\/div>\n<\/div>\n<\/div>\n<div class=\"vc_col-sm-6 wpb_column vc_column_container\">\n<div class=\"vc_column-inner\">\n<div class=\"wpb_wrapper\">\n<div class=\"w-video ratio_16x9 align_center\">\n<div class=\"w-video-h\"><iframe src=\"https:\/\/www.youtube.com\/embed\/_d6CSA2RDs8\" allowfullscreen=\"allowfullscreen\" data-mce-fragment=\"1\"><\/iframe><\/div>\n<\/div>\n<\/div>\n<\/div>\n<\/div>\n<div class=\"vc_col-sm-3 wpb_column vc_column_container\">\n<div class=\"vc_column-inner\">\n<div class=\"wpb_wrapper\">\u00a0<\/div>\n<\/div>\n<\/div>\n<\/div>\n<div class=\"w-separator size_small\">\u00a0<\/div>\n<h2 class=\"vc_custom_heading\"><a href=\"https:\/\/www.youtube.com\/watch?time_continue=1&amp;v=bxUY97EvXbo&amp;feature=emb_logo\" target=\" _blank\" rel=\"noopener\">Pensar m\u00e1s que en clientes, en seres humanos, #somos mas fuertes de Renault<\/a><\/h2>\n<div class=\"w-separator size_small\">\u00a0<\/div>\n<div class=\"w-image align_none meta_simple\">\n<div class=\"w-image-h\"><img decoding=\"async\" class=\"attachment-full size-full\" src=\"https:\/\/staffwww.cadena.com.co\/wp-content\/uploads\/2020\/04\/marcas-suman-tiempos-incertidumbre-01.jpg\" sizes=\"(max-width: 1200px) 100vw, 1200px\" srcset=\"https:\/\/staffwww.cadena.com.co\/wp-content\/uploads\/2020\/04\/marcas-suman-tiempos-incertidumbre-01.jpg 1200w, https:\/\/staffwww.cadena.com.co\/wp-content\/uploads\/2020\/04\/marcas-suman-tiempos-incertidumbre-01-300x118.jpg 300w, https:\/\/staffwww.cadena.com.co\/wp-content\/uploads\/2020\/04\/marcas-suman-tiempos-incertidumbre-01-1024x403.jpg 1024w\" alt=\"\" width=\"1200\" height=\"472\" \/>\n<div class=\"w-image-meta\">\n<div class=\"w-image-description\">\u201cNos llena de satisfacci\u00f3n poder ser un apoyo importante para estas iniciativas que quieren sacar adelante al pa\u00eds, en medio de esta pandemia. Sabemos el esfuerzo que todos estamos haciendo en medio de la contingencia por el COVID-19 y por ello queremos invitar a otras empresas a sumarse a estas iniciativas\u201d, afirma Matthieu Tenenbaum, Presidente Director General de RENAULT-Sofasa.<\/div>\n<\/div>\n<\/div>\n<\/div>\n<div class=\"wpb_text_column\">\n<div class=\"wpb_wrapper\">\n<p><strong>Su\u00a0<em>slogan<\/em>:<\/strong>\u00a0No dejemos que el pa\u00eds se quede quieto.<\/p>\n<p><strong>As\u00ed funciona:<\/strong>\u00a0tres iniciativas, realiza Renault Sofasa en su reto de motivar a empresas e individuos a aportar un granito de arena en beneficio de la mayor cantidad de personas en condici\u00f3n de vulnerabilidad por la pandemia mundial: puso los veh\u00edculos de prueba de manejo y demostraci\u00f3n a disposici\u00f3n de la movilidad de los programas sociales del Gobierno. Con el programa El campo viene a m\u00ed<em>,\u00a0<\/em>en alianza con la plataforma de E-Commerce Siembra Viva, la Fundaci\u00f3n M\u00f3nica Uribe, Ruta N y la Alcald\u00eda de Medell\u00edn, facilita la donaci\u00f3n, venta y entrega de productos agr\u00edcolas locales -cultivados sin agroqu\u00edmicos y de comercio justo- a familias de discapacitados. Y, se uni\u00f3 a InnspiraMed, con un equipo multidisciplinario que aporta metodolog\u00edas \u00e1giles y de escalamiento industrial para el desarrollo de ventiladores mec\u00e1nicos de bajo costo para abastecer a los hospitales. \u201cSabemos el esfuerzo que todos hacemos y por ello invitamos a otras empresas a sumarse y nos sumamos a estos programas. Nos llena de satisfacci\u00f3n poder ser un apoyo importante para las iniciativas que se quieren sacar adelante y dan privilegio a la vida.\u201d, afirm\u00f3 Matthieu Tenenbaum, presidente director general de Renault Sofasa.<\/p>\n<\/div>\n<\/div>\n<div class=\"g-cols wpb_row  type_default valign_top vc_inner\">\n<div class=\"vc_col-sm-3 wpb_column vc_column_container\">\n<div class=\"vc_column-inner\">\n<div class=\"wpb_wrapper\">\u00a0<\/div>\n<\/div>\n<\/div>\n<div class=\"vc_col-sm-6 wpb_column vc_column_container\">\n<div class=\"vc_column-inner\">\n<div class=\"wpb_wrapper\">\n<div class=\"w-video ratio_16x9 align_center\">\n<div class=\"w-video-h\"><iframe src=\"https:\/\/www.youtube.com\/embed\/bxUY97EvXbo\" allowfullscreen=\"allowfullscreen\" data-mce-fragment=\"1\"><\/iframe><\/div>\n<\/div>\n<\/div>\n<\/div>\n<\/div>\n<div class=\"vc_col-sm-3 wpb_column vc_column_container\">\n<div class=\"vc_column-inner\">\n<div class=\"wpb_wrapper\">\u00a0<\/div>\n<\/div>\n<\/div>\n<\/div>\n<div class=\"w-separator size_small\">\u00a0<\/div>\n<h2 class=\"vc_custom_heading\"><a href=\"https:\/\/staffwww.cadena.com.co\/marcas-que-suman-en-tiempos-de-incertidumbre\/\">Otras iniciativas que suman<\/a><\/h2>\n<div class=\"wpb_text_column\">\n<div class=\"wpb_wrapper\">\n<p><strong>Conocimiento experto al servicio del mundo,\u00a0<\/strong><a href=\"https:\/\/www.bing.com\/covid\" target=\"_blank\" rel=\"noopener\"><strong>BingCovid<\/strong><\/a>\u00a0de Microsoft, para ver en tiempo real los indicadores de propagaci\u00f3n del Covid19 en el idioma de cada pa\u00eds.<\/p>\n<p><strong>Actuar seg\u00fan el prop\u00f3sito de la marca,\u00a0<\/strong><a href=\"https:\/\/www.netflixparty.com\/\" target=\"_blank\" rel=\"noopener\"><strong>Netflix Party<\/strong><\/a><strong>,\u00a0<\/strong>de Google y Netflix, un navegador de Google Chrome que permite ver series y pel\u00edculas en grupo de forma virtual.<\/p>\n<p><strong>Comunicar a tiempo,\u00a0<\/strong><a href=\"https:\/\/youtu.be\/ANHJzXCY55Y\" target=\"_blank\" rel=\"noopener\"><strong>#JuntosEnDigital<\/strong><\/a><strong>,<\/strong>Vodafone para animar a las personas a expresar los afectos de forma virtual, especialmente a adultos mayores.<\/p>\n<p><strong>Reafirmar los valores,<\/strong>\u00a0<a href=\"https:\/\/www.youtube.com\/watch?v=boUCMYqC-0w\" target=\"_blank\" rel=\"noopener\"><strong>#Somosungremiofuerte<\/strong><\/a>, Camacol Antioquia para dar respaldo gremial y esperanza al sector constructor.<\/p>\n<p><strong>Mantener a la audiencia,\u00a0<\/strong><a href=\"https:\/\/www.metopera.org\/user-information\/nightly-met-opera-streams\/week-4\/\" target=\"_blank\" rel=\"noopener\"><strong>Nightly Met Opera Streams<\/strong><\/a><strong>,<\/strong>\u00a0las transmisiones gratuitas de \u00f3pera del Metropolitan Opera de Nueva York, que adem\u00e1s abren camino a donaciones para los artistas que tuvieron que dejar de trabajar.<\/p>\n<\/div>\n<\/div>\n<div class=\"wpb_text_column destacados cen\">\n<div class=\"wpb_wrapper\">\n<p><strong>Aportar valor a la sociedad en tiempos de crisis, es la mejor herramienta ante la incertidumbre<\/strong><strong>\u00a0y puede convertise en respaldo y fidelidad de clientes actuales y potenciales.<\/strong><\/p>\n<\/div>\n<\/div>\t\t\t\t\t\t\t\t<\/div>\n\t\t\t\t<\/div>\n\t\t\t\t\t<\/div>\n\t\t<\/div>\n\t\t\t\t\t<\/div>\n\t\t<\/section>\n\t\t\t\t<section class=\"elementor-section elementor-top-section elementor-element elementor-element-8e648bd elementor-section-boxed elementor-section-height-default elementor-section-height-default\" data-id=\"8e648bd\" data-element_type=\"section\" data-e-type=\"section\" data-settings=\"{&quot;jet_parallax_layout_list&quot;:[]}\">\n\t\t\t\t\t\t<div class=\"elementor-container elementor-column-gap-default\">\n\t\t\t\t\t<div class=\"elementor-column elementor-col-100 elementor-top-column elementor-element elementor-element-3036671\" data-id=\"3036671\" data-element_type=\"column\" data-e-type=\"column\">\n\t\t\t<div class=\"elementor-widget-wrap elementor-element-populated\">\n\t\t\t\t\t\t<div class=\"elementor-element elementor-element-34c9ef1 elementor-widget elementor-widget-image\" data-id=\"34c9ef1\" data-element_type=\"widget\" data-e-type=\"widget\" data-widget_type=\"image.default\">\n\t\t\t\t<div class=\"elementor-widget-container\">\n\t\t\t\t\t\t\t\t\t\t\t\t\t\t\t<img decoding=\"async\" width=\"2100\" height=\"701\" src=\"https:\/\/www.cadena.com.co\/wp-content\/uploads\/autopauta-5-gestion-y-acceso-informacion.png\" class=\"attachment-full size-full wp-image-10332\" alt=\"\" srcset=\"https:\/\/www.cadena.com.co\/wp-content\/uploads\/autopauta-5-gestion-y-acceso-informacion.png 2100w, https:\/\/www.cadena.com.co\/wp-content\/uploads\/autopauta-5-gestion-y-acceso-informacion-600x200.png 600w, https:\/\/www.cadena.com.co\/wp-content\/uploads\/autopauta-5-gestion-y-acceso-informacion-1200x401.png 1200w, https:\/\/www.cadena.com.co\/wp-content\/uploads\/autopauta-5-gestion-y-acceso-informacion-200x67.png 200w, https:\/\/www.cadena.com.co\/wp-content\/uploads\/autopauta-5-gestion-y-acceso-informacion-768x256.png 768w, https:\/\/www.cadena.com.co\/wp-content\/uploads\/autopauta-5-gestion-y-acceso-informacion-1536x513.png 1536w, https:\/\/www.cadena.com.co\/wp-content\/uploads\/autopauta-5-gestion-y-acceso-informacion-2048x684.png 2048w\" sizes=\"(max-width: 2100px) 100vw, 2100px\" \/>\t\t\t\t\t\t\t\t\t\t\t\t\t\t\t<\/div>\n\t\t\t\t<\/div>\n\t\t\t\t\t<\/div>\n\t\t<\/div>\n\t\t\t\t\t<\/div>\n\t\t<\/section>\n\t\t\t\t<\/div>","protected":false},"excerpt":{"rendered":"<p>Imaginaci\u00f3n, capacidad de reacci\u00f3n, valores s\u00f3lidos, innovaci\u00f3n para minimizar los impactos, visi\u00f3n comercial y proyecci\u00f3n a largo plazo, son las cualidades de las marcas que han creado iniciativas poderosas para afrontar la crisis del COVID19. \u00bfC\u00f3mo lo hicieron? \u00bfCu\u00e1les son sus \u00e9xitos? En una semana cambi\u00f3 la vida en el pa\u00eds como parte de las [&hellip;]<\/p>\n","protected":false},"author":2,"featured_media":3529,"comment_status":"open","ping_status":"closed","sticky":false,"template":"","format":"standard","meta":{"inline_featured_image":false,"footnotes":""},"categories":[16],"tags":[17,18],"class_list":["post-3528","post","type-post","status-publish","format-standard","has-post-thumbnail","hentry","category-innovacion","tag-caso-de-exito","tag-sostenibilidad"],"_links":{"self":[{"href":"https:\/\/www.cadena.com.co\/en\/wp-json\/wp\/v2\/posts\/3528","targetHints":{"allow":["GET"]}}],"collection":[{"href":"https:\/\/www.cadena.com.co\/en\/wp-json\/wp\/v2\/posts"}],"about":[{"href":"https:\/\/www.cadena.com.co\/en\/wp-json\/wp\/v2\/types\/post"}],"author":[{"embeddable":true,"href":"https:\/\/www.cadena.com.co\/en\/wp-json\/wp\/v2\/users\/2"}],"replies":[{"embeddable":true,"href":"https:\/\/www.cadena.com.co\/en\/wp-json\/wp\/v2\/comments?post=3528"}],"version-history":[{"count":0,"href":"https:\/\/www.cadena.com.co\/en\/wp-json\/wp\/v2\/posts\/3528\/revisions"}],"wp:featuredmedia":[{"embeddable":true,"href":"https:\/\/www.cadena.com.co\/en\/wp-json\/wp\/v2\/media\/3529"}],"wp:attachment":[{"href":"https:\/\/www.cadena.com.co\/en\/wp-json\/wp\/v2\/media?parent=3528"}],"wp:term":[{"taxonomy":"category","embeddable":true,"href":"https:\/\/www.cadena.com.co\/en\/wp-json\/wp\/v2\/categories?post=3528"},{"taxonomy":"post_tag","embeddable":true,"href":"https:\/\/www.cadena.com.co\/en\/wp-json\/wp\/v2\/tags?post=3528"}],"curies":[{"name":"wp","href":"https:\/\/api.w.org\/{rel}","templated":true}]}}