{"id":3473,"date":"2022-11-09T16:52:50","date_gmt":"2022-11-09T21:52:50","guid":{"rendered":"https:\/\/www.cadena.com.co\/?p=3473"},"modified":"2022-11-09T16:52:50","modified_gmt":"2022-11-09T21:52:50","slug":"conversaciones-en-tiempos-de-crisis","status":"publish","type":"post","link":"https:\/\/www.cadena.com.co\/en\/conversaciones-en-tiempos-de-crisis\/","title":{"rendered":"Conversaciones en tiempos de crisis"},"content":{"rendered":"<div data-elementor-type=\"wp-post\" data-elementor-id=\"3473\" class=\"elementor elementor-3473\" data-elementor-post-type=\"post\">\n\t\t\t\t\t\t<section class=\"elementor-section elementor-top-section elementor-element elementor-element-4ee8765f elementor-section-boxed elementor-section-height-default elementor-section-height-default\" data-id=\"4ee8765f\" data-element_type=\"section\" data-e-type=\"section\" data-settings=\"{&quot;jet_parallax_layout_list&quot;:[]}\">\n\t\t\t\t\t\t<div class=\"elementor-container elementor-column-gap-default\">\n\t\t\t\t\t<div class=\"elementor-column elementor-col-100 elementor-top-column elementor-element elementor-element-5b49fd2\" data-id=\"5b49fd2\" data-element_type=\"column\" data-e-type=\"column\">\n\t\t\t<div class=\"elementor-widget-wrap elementor-element-populated\">\n\t\t\t\t\t\t<div class=\"elementor-element elementor-element-7870cdf3 elementor-widget elementor-widget-text-editor\" data-id=\"7870cdf3\" data-element_type=\"widget\" data-e-type=\"widget\" data-widget_type=\"text-editor.default\">\n\t\t\t\t<div class=\"elementor-widget-container\">\n\t\t\t\t\t\t\t\t\t<p><\/p>\n<div class=\"wpb_text_column entradillasBlog\">\n<div class=\"wpb_wrapper\">\n<div class=\"wpb_text_column entradillasBlog\">\n<div class=\"wpb_wrapper\">\n<div class=\"wpb_text_column entradillasBlog\">\n<div class=\"wpb_wrapper\">\n<div class=\"wpb_text_column entradillasBlog\">\n<div class=\"wpb_wrapper\">\n<div class=\"wpb_text_column entradillasBlog\">\n<div class=\"wpb_wrapper\">\n<div class=\"wpb_text_column entradillasBlog\">\n<div class=\"wpb_wrapper\">\n<div class=\"wpb_text_column entradillasBlog\">\n<div class=\"wpb_wrapper\">\n<div class=\"wpb_text_column entradillasBlog\">\n<div class=\"wpb_wrapper\">\n<div class=\"wpb_text_column entradillasBlog\">\n<div class=\"wpb_wrapper\">\n<div class=\"wpb_text_column entradillasBlog\">\n<div class=\"wpb_wrapper\">\n<div class=\"wpb_text_column entradillasBlog\">\n<div class=\"wpb_wrapper\">\n<div class=\"wpb_text_column entradillasBlog\">\n<div class=\"wpb_wrapper\">\n<div class=\"wpb_text_column entradillasBlog\">\n<div class=\"wpb_wrapper\">\n<div class=\"wpb_text_column entradillasBlog\">\n<div class=\"wpb_wrapper\">\n<div class=\"wpb_text_column entradillasBlog\">\n<div class=\"wpb_wrapper\">\n<div class=\"wpb_text_column entradillasBlog\">\n<div class=\"wpb_wrapper\">\n<div class=\"wpb_text_column entradillasBlog\">\n<div class=\"wpb_wrapper\">\n<div class=\"wpb_text_column entradillasBlog\">\n<div class=\"wpb_wrapper\">\n<div class=\"wpb_text_column entradillasBlog\">\n<div class=\"wpb_wrapper\">\n<div class=\"wpb_text_column entradillasBlog\">\n<div class=\"wpb_wrapper\">\n<div class=\"wpb_text_column entradillasBlog\">\n<div class=\"wpb_wrapper\">\n<div class=\"wpb_text_column entradillasBlog\">\n<div class=\"wpb_wrapper\">\n<div class=\"wpb_text_column entradillasBlog\">\n<div class=\"wpb_wrapper\">\n<div class=\"wpb_text_column entradillasBlog\">\n<div class=\"wpb_wrapper\">\n<div class=\"wpb_text_column entradillasBlog\">\n<div class=\"wpb_wrapper\">\n<div class=\"wpb_text_column entradillasBlog\">\n<div class=\"wpb_wrapper\">\n<div class=\"wpb_text_column entradillasBlog\">\n<div class=\"wpb_wrapper\">\n<p>La coyuntura del Covid-19 ha llevado a las empresas a responder a un llamado que hac\u00eda eco desde hace algunos a\u00f1os: reinventarse para crear entornos de trabajo flexibles, priorizar la comunicaci\u00f3n honesta y alinear los objetivos del negocio con las aspiraciones personales de los colaboradores.<\/p>\n<\/div>\n<\/div>\n<div class=\"wpb_text_column\">\n<div class=\"wpb_wrapper\">\n<p>Esta pandemia ha transformado a las empresas. Desde los espacios destinados para trabajar hasta los canales de comunicaci\u00f3n se han adaptado a las condiciones del aislamiento social. La virtualidad ha facilitado la conexi\u00f3n entre equipos de trabajo, el seguimiento a los procesos y el intercambio de conocimientos, en aras de crear nuevas oportunidades de negocio.<\/p>\n<p>Las compa\u00f1\u00edas tienen a su disposici\u00f3n una variedad de herramientas de comunicaci\u00f3n como el correo electr\u00f3nico, WhatsApp, Zoom, Meets by Google Hangouts, Cisco WebEx, Jitsi y ooVoo, que permiten integrar al equipo sin exponerlo a los riesgos que representa movilizarse por la ciudad y tener contacto con otras personas.<\/p>\n<p>Aunque estas aplicaciones facilitan la comunicaci\u00f3n interna y externa, el verdadero valor est\u00e1 en el mensaje, en la comunicaci\u00f3n honesta, clara y transparente que tiene la capacidad de disminuir el miedo y generar confianza. Muestra de esto es que hist\u00f3ricamente muchas compa\u00f1\u00edas han tenido a la intranet como una herramienta de comunicaci\u00f3n unidireccional, con poca interacci\u00f3n. Hoy esta red es uno de los medios que tienen los colaboradores para estar al tanto de la realidad de su compa\u00f1\u00eda y sentirse cerca de su equipo.<\/p>\n<\/div>\n<\/div>\n<h2 class=\"vc_custom_heading\">Di\u00e1logos que orientan y tranquilizan<\/h2>\n<div class=\"wpb_text_column\">\n<div class=\"wpb_wrapper\">\n<p>Las conversaciones deben ser la prioridad de las organizaciones, lo que antes se percib\u00eda como espacios muertos o de inactividad, hoy es la oportunidad para acercarse a los colaboradores, conocer sus inquietudes, aproximarse a su vida personal y darles a conocer las condiciones financieras, los retos y oportunidades de negocio. Hacerlo disminuye la incertidumbre y genera m\u00e1s confianza en la organizaci\u00f3n, que trae consigo autonom\u00eda, corresponsabilidad y un impacto positivo en la productividad.<\/p>\n<p>Los l\u00edderes est\u00e1n llamados a dirigir estos espacios, a ser directos, sensibles y reconocer el valor que tiene cada colaborador para la compa\u00f1\u00eda. De acuerdo con Susana Zapata, l\u00edder de Caramelo Escaso, una compa\u00f1\u00eda experta en cultura organizacional, \u201cel l\u00edder debe empoderar, entregar autonom\u00eda y conocimiento de negocio, conectarse con las conversaciones, medir la temperatura de equipo y bajar la informaci\u00f3n. En resumen, debe ser el portador de esa cultura organizacional\u201d.<\/p>\n<p>Adem\u00e1s, es importante idear nuevos espacios pensados en fortalecer los v\u00ednculos personales. Por ejempo se pueden establecer unos momentos semanales para compartir y reconocer los talentos de los colaboradores en los que se ense\u00f1e a catar cervezas, a bailar, maridar vinos o dibujar, todo con base en las fortalezas d los miembros del equipo. Lo importante es hacerlo con frecuencia para crear el h\u00e1bito incorporado en la cultura organizacional. No se deben imitar modelos externos, o forzar a equipo, sino de inspirarse y aterrizar las ideas teniendo en cuenta las particularidades de la compa\u00f1\u00eda.<\/p>\n<p>Cada empresa es un universo que hoy recibe un mismo llamado: gestionar la comunicaci\u00f3n desde la virtualidad con honestidad y transparencia para disminuir el miedo. Atender este reto de reinventarse pueden traer cambios importantes en el entorno de trabajo e impactar positivamente la productividad.<\/p>\n<\/div>\n<\/div>\n<div class=\"wpb_text_column\">\n<div class=\"wpb_wrapper\">\n<div class=\"destacados cen\">Cuando la comunicaci\u00f3n es honesta, asertiva y transparente tiene el poder de disminuir la incertidumbre y el miedo y aumentar la confianza y la autonom\u00eda.<\/div>\n<\/div>\n<\/div>\n<h2 class=\"vc_custom_heading\">5 claves para comunicarte con tu equipo<\/h2>\n<div class=\"wpb_text_column\">\n<div class=\"wpb_wrapper\">\n<p><strong>1. Rescata el valor de las narrativas.<\/strong>\u00a0Cuando te comunicas con an\u00e9cdotas, historias y creatividad, trasciendes lo te\u00f3rico y te conectas desde las emociones.<\/p>\n<p><strong>2. La reinvenci\u00f3n empieza por los l\u00edderes.<\/strong>\u00a0En momento coyunturales como los que estamos viviendo necesitamos comunicar un mensaje clave que inspire a los colaboradores a estar donde la compa\u00f1\u00eda los necesita. Cuando el l\u00edder demuestra su versatilidad y flexibilidad, motiva y se convierte en un ejemplo.<\/p>\n<p><strong>3. Establece reglas claras.<\/strong>\u00a0Cuando el equipo est\u00e1 empoderado y se siente comprometido con la empresa, podr\u00e1 participar en la elaboraci\u00f3n de normas flexibles que impliquen menos control y m\u00e1s libertad.<\/p>\n<p><strong>4. Los s\u00edmbolos refrescan.<\/strong>\u00a0Stickers de WhatsApp, emoticones personalizados o gifs rompen con la cotidianidad, crean un ambiente de cercan\u00eda y permiten hacer reconocimientos en momentos especiales.<\/p>\n<p><strong>5. Recompensa las ideas.<\/strong>\u00a0Crea espacios para compartir nuevos modelos de negocio, formas de trabajar o comunicarse. Es importante que las ideas no solo provengan de los directivos, sino todos aporten, se involucren y sientan parte de las soluciones y la construcci\u00f3n.<\/p>\n<\/div>\n<\/div>\n<div class=\"wpb_text_column\">\n<div class=\"wpb_wrapper\">\n<p><strong>Fuente:<\/strong>\u00a0equipo de Caramelo Escaso.<\/p>\n<\/div>\n<\/div>\n<\/div>\n<\/div>\n<\/div>\n<\/div>\n<\/div>\n<\/div>\n<\/div>\n<\/div>\n<\/div>\n<\/div>\n<\/div>\n<\/div>\n<\/div>\n<\/div>\n<\/div>\n<\/div>\n<\/div>\n<\/div>\n<\/div>\n<\/div>\n<\/div>\n<\/div>\n<\/div>\n<\/div>\n<\/div>\n<\/div>\n<\/div>\n<\/div>\n<\/div>\n<\/div>\n<\/div>\n<\/div>\n<\/div>\n<\/div>\n<\/div>\n<\/div>\n<\/div>\n<\/div>\n<\/div>\n<\/div>\n<\/div>\n<\/div>\n<\/div>\n<\/div>\n<\/div>\n<\/div>\n<\/div>\n<\/div>\n<\/div>\n<\/div>\n<\/div>\n<\/div>\n<p><\/p>\t\t\t\t\t\t\t\t<\/div>\n\t\t\t\t<\/div>\n\t\t\t\t\t<\/div>\n\t\t<\/div>\n\t\t\t\t\t<\/div>\n\t\t<\/section>\n\t\t\t\t<section class=\"elementor-section elementor-top-section elementor-element elementor-element-eb15974 elementor-section-boxed elementor-section-height-default elementor-section-height-default\" data-id=\"eb15974\" data-element_type=\"section\" data-e-type=\"section\" data-settings=\"{&quot;jet_parallax_layout_list&quot;:[]}\">\n\t\t\t\t\t\t<div class=\"elementor-container elementor-column-gap-default\">\n\t\t\t\t\t<div class=\"elementor-column elementor-col-100 elementor-top-column elementor-element elementor-element-f11728c\" data-id=\"f11728c\" data-element_type=\"column\" data-e-type=\"column\">\n\t\t\t<div class=\"elementor-widget-wrap elementor-element-populated\">\n\t\t\t\t\t\t<div class=\"elementor-element elementor-element-4e59aca elementor-widget elementor-widget-image\" data-id=\"4e59aca\" data-element_type=\"widget\" data-e-type=\"widget\" data-widget_type=\"image.default\">\n\t\t\t\t<div class=\"elementor-widget-container\">\n\t\t\t\t\t\t\t\t\t\t\t\t\t\t\t<img fetchpriority=\"high\" decoding=\"async\" width=\"2100\" height=\"701\" src=\"https:\/\/www.cadena.com.co\/wp-content\/uploads\/autopauta-1-gestion-riesgos.png\" class=\"attachment-full size-full wp-image-10328\" alt=\"\" srcset=\"https:\/\/www.cadena.com.co\/wp-content\/uploads\/autopauta-1-gestion-riesgos.png 2100w, https:\/\/www.cadena.com.co\/wp-content\/uploads\/autopauta-1-gestion-riesgos-600x200.png 600w, https:\/\/www.cadena.com.co\/wp-content\/uploads\/autopauta-1-gestion-riesgos-1200x401.png 1200w, https:\/\/www.cadena.com.co\/wp-content\/uploads\/autopauta-1-gestion-riesgos-200x67.png 200w, https:\/\/www.cadena.com.co\/wp-content\/uploads\/autopauta-1-gestion-riesgos-768x256.png 768w, https:\/\/www.cadena.com.co\/wp-content\/uploads\/autopauta-1-gestion-riesgos-1536x513.png 1536w, https:\/\/www.cadena.com.co\/wp-content\/uploads\/autopauta-1-gestion-riesgos-2048x684.png 2048w\" sizes=\"(max-width: 2100px) 100vw, 2100px\" \/>\t\t\t\t\t\t\t\t\t\t\t\t\t\t\t<\/div>\n\t\t\t\t<\/div>\n\t\t\t\t\t<\/div>\n\t\t<\/div>\n\t\t\t\t\t<\/div>\n\t\t<\/section>\n\t\t\t\t<\/div>","protected":false},"excerpt":{"rendered":"<p>La coyuntura del Covid-19 ha llevado a las empresas a responder a un llamado que hac\u00eda eco desde hace algunos a\u00f1os: reinventarse para crear entornos de trabajo flexibles, priorizar la comunicaci\u00f3n honesta y alinear los objetivos del negocio con las aspiraciones personales de los colaboradores. Esta pandemia ha transformado a las empresas. Desde los espacios [&hellip;]<\/p>\n","protected":false},"author":2,"featured_media":3478,"comment_status":"open","ping_status":"closed","sticky":false,"template":"","format":"standard","meta":{"inline_featured_image":false,"footnotes":""},"categories":[16],"tags":[],"class_list":["post-3473","post","type-post","status-publish","format-standard","has-post-thumbnail","hentry","category-innovacion"],"_links":{"self":[{"href":"https:\/\/www.cadena.com.co\/en\/wp-json\/wp\/v2\/posts\/3473","targetHints":{"allow":["GET"]}}],"collection":[{"href":"https:\/\/www.cadena.com.co\/en\/wp-json\/wp\/v2\/posts"}],"about":[{"href":"https:\/\/www.cadena.com.co\/en\/wp-json\/wp\/v2\/types\/post"}],"author":[{"embeddable":true,"href":"https:\/\/www.cadena.com.co\/en\/wp-json\/wp\/v2\/users\/2"}],"replies":[{"embeddable":true,"href":"https:\/\/www.cadena.com.co\/en\/wp-json\/wp\/v2\/comments?post=3473"}],"version-history":[{"count":0,"href":"https:\/\/www.cadena.com.co\/en\/wp-json\/wp\/v2\/posts\/3473\/revisions"}],"wp:featuredmedia":[{"embeddable":true,"href":"https:\/\/www.cadena.com.co\/en\/wp-json\/wp\/v2\/media\/3478"}],"wp:attachment":[{"href":"https:\/\/www.cadena.com.co\/en\/wp-json\/wp\/v2\/media?parent=3473"}],"wp:term":[{"taxonomy":"category","embeddable":true,"href":"https:\/\/www.cadena.com.co\/en\/wp-json\/wp\/v2\/categories?post=3473"},{"taxonomy":"post_tag","embeddable":true,"href":"https:\/\/www.cadena.com.co\/en\/wp-json\/wp\/v2\/tags?post=3473"}],"curies":[{"name":"wp","href":"https:\/\/api.w.org\/{rel}","templated":true}]}}