{"id":17658,"date":"2025-06-11T17:06:41","date_gmt":"2025-06-11T22:06:41","guid":{"rendered":"https:\/\/www.cadena.com.co\/?p=17658"},"modified":"2025-06-11T17:06:43","modified_gmt":"2025-06-11T22:06:43","slug":"voce-centro-de-excelencia","status":"publish","type":"post","link":"https:\/\/www.cadena.com.co\/en\/voce-centro-de-excelencia\/","title":{"rendered":"Voces desde el Centro de Excelencia"},"content":{"rendered":"<p>En esta secci\u00f3n, contaremos qu\u00e9 significa el Centro de Excelencia en Santa Fe de Antioquia, desde la voz de sus protagonistas.<\/p>\n\n\n\n<p><strong>Cu\u00e9ntanos tu nombre: <br><\/strong><br>Andr\u00e9s Felipe Correa Villa<\/p>\n\n\n\n<p><strong>\u00bfCu\u00e1l es tu rol en <a href=\"https:\/\/www.cadena.com.co\/en\/\">Cadena<\/a> y cu\u00e1nto tiempo llevas?<br><\/strong><br>Actualmente soy l\u00edder de Tecnolog\u00eda, el mes de noviembre cumplo 8 a\u00f1os en la organizaci\u00f3n.<\/p>\n\n\n\n<p><strong>\u00bfC\u00f3mo ha sido la evoluci\u00f3n del Centro de Excelencia de Santa Fe de Antioquia, cu\u00e1ntos practicantes y cu\u00e1ntas personas contratadas tenemos actualmente?<\/strong><\/p>\n\n\n\n<p>Ha sido un camino lleno de retos y aprendizajes que nos han mantenido en constante evoluci\u00f3n, tanto en las capacidades del equipo como en nuestro entorno f\u00edsico. Actualmente contamos con 8 practicantes y 16 personas vinculadas directamente a la compa\u00f1\u00eda.<\/p>\n\n\n\n<p><strong>\u00bfQu\u00e9 hacen las personas que actualmente est\u00e1n en el Centro de Excelencia?<\/strong><\/p>\n\n\n\n<p>Tenemos un equipo muy diverso y valioso. Contamos con:<\/p>\n\n\n\n<ul class=\"wp-block-list\">\n<li>\u2003\u2003Dise\u00f1adores UI\/UX<\/li>\n\n\n\n<li>\u2003\u2003Desarrolladores de software<\/li>\n\n\n\n<li>\u2003\u2003Analistas de soporte<\/li>\n\n\n\n<li>\u2003\u2003Practicantes en proceso de formaci\u00f3n<\/li>\n<\/ul>\n\n\n\n<p>Muchos de ellos participan en proyectos clave de nuestra organizaci\u00f3n como:<\/p>\n\n\n\n<ul class=\"wp-block-list\">\n<li>5X<\/li>\n\n\n\n<li>Requerimientos legales<\/li>\n\n\n\n<li>Facturaci\u00f3n electr\u00f3nica<\/li>\n\n\n\n<li>Puntos Colombia<\/li>\n\n\n\n<li>CX<\/li>\n<\/ul>\n\n\n\n<p>Nuestros practicantes siguen un plan de entrenamiento estructurado, donde fortalecemos habilidades tanto del ser como t\u00e9cnicas, de acuerdo con las tecnolog\u00edas prioritarias para la empresa.<\/p>\n\n\n\n<p><strong>\u00bfQu\u00e9 oportunidades consideras que ha tra\u00eddo a Santa Fe de Antioquia y al occidente antioque\u00f1o que Cadena cuente con una sede en el territorio?<\/strong><\/p>\n\n\n\n<p>Cadena ha tra\u00eddo mucho desarrollo y esperanza para los j\u00f3venes de la regi\u00f3n, se abren nuevos caminos. Cuando hablo con ellos puedo concluir que:<\/p>\n\n\n\n<ul class=\"wp-block-list\">\n<li>Sus familias est\u00e1n felices de una empresa como Cadena los haya contratado.<\/li>\n\n\n\n<li>Piensan en continuar estudiando y fortaleciendo desde la regi\u00f3n<\/li>\n\n\n\n<li>Recomiendan a sus amigos y familiares estudiar temas con bases tecnol\u00f3gicas y sobre todo trabajar en Cadena.<\/li>\n\n\n\n<li>Mejora de calidad de vida de los que tenemos actualmente en Cadena y sus familias.<\/li>\n<\/ul>\n\n\n\n<p><strong>\u00bfC\u00f3mo ves la participaci\u00f3n de los j\u00f3venes en los desaf\u00edos que la tecnolog\u00eda nos presenta actualmente?<\/strong><\/p>\n\n\n\n<p>Los j\u00f3venes est\u00e1n muy motivados, curiosos, con muchas ganas de aprender y sin miedo a enfrentarse a los nuevos retos tecnol\u00f3gicos. Es muy inspirador ver su actitud positiva y el gran talento que hay en la regi\u00f3n.<\/p>\n\n\n\n<p><strong>\u00bfQu\u00e9 mensaje quisieras dejarle a los j\u00f3venes en Santa Fe de Antioquia y el occidente antioque\u00f1o, que est\u00e1n interesados en estudiar programas de base tecnol\u00f3gica?<\/strong><\/p>\n\n\n\n<p>Que eligieron una carrera maravillosa, donde cada d\u00eda es una oportunidad para aprender algo nuevo.<br>Tendr\u00e1n miles de ideas y mucho por explorar, por implementar. Sea cual sea la rama que elijan, ser\u00e1 toda una aventura.<\/p>\n\n\n\n<p>Conoce m\u00e1s de la gesti\u00f3n de la Fundaci\u00f3n Juan del Corral y del Centro de Excelencia en Santa de Antioquia.<\/p>\n\n\n\n<figure class=\"wp-block-embed is-type-video is-provider-youtube wp-block-embed-youtube wp-embed-aspect-16-9 wp-has-aspect-ratio\"><div class=\"wp-block-embed__wrapper\">\n<iframe title=\"Juan del Corral Foundation\" width=\"800\" height=\"450\" src=\"https:\/\/www.youtube.com\/embed\/M34pRR1pu3U?feature=oembed\" frameborder=\"0\" allow=\"accelerometer; autoplay; clipboard-write; encrypted-media; gyroscope; picture-in-picture; web-share\" referrerpolicy=\"strict-origin-when-cross-origin\" allowfullscreen><\/iframe>\n<\/div><\/figure>\n\n\n\n<p><\/p>","protected":false},"excerpt":{"rendered":"<p>En esta secci\u00f3n, contaremos qu\u00e9 significa el Centro de Excelencia, desde la voz de sus protagonistas.<\/p>","protected":false},"author":4,"featured_media":17660,"comment_status":"closed","ping_status":"closed","sticky":false,"template":"","format":"standard","meta":{"inline_featured_image":false,"footnotes":""},"categories":[120],"tags":[],"class_list":["post-17658","post","type-post","status-publish","format-standard","has-post-thumbnail","hentry","category-fundaciin-juan-del-corral"],"_links":{"self":[{"href":"https:\/\/www.cadena.com.co\/en\/wp-json\/wp\/v2\/posts\/17658","targetHints":{"allow":["GET"]}}],"collection":[{"href":"https:\/\/www.cadena.com.co\/en\/wp-json\/wp\/v2\/posts"}],"about":[{"href":"https:\/\/www.cadena.com.co\/en\/wp-json\/wp\/v2\/types\/post"}],"author":[{"embeddable":true,"href":"https:\/\/www.cadena.com.co\/en\/wp-json\/wp\/v2\/users\/4"}],"replies":[{"embeddable":true,"href":"https:\/\/www.cadena.com.co\/en\/wp-json\/wp\/v2\/comments?post=17658"}],"version-history":[{"count":1,"href":"https:\/\/www.cadena.com.co\/en\/wp-json\/wp\/v2\/posts\/17658\/revisions"}],"predecessor-version":[{"id":17661,"href":"https:\/\/www.cadena.com.co\/en\/wp-json\/wp\/v2\/posts\/17658\/revisions\/17661"}],"wp:featuredmedia":[{"embeddable":true,"href":"https:\/\/www.cadena.com.co\/en\/wp-json\/wp\/v2\/media\/17660"}],"wp:attachment":[{"href":"https:\/\/www.cadena.com.co\/en\/wp-json\/wp\/v2\/media?parent=17658"}],"wp:term":[{"taxonomy":"category","embeddable":true,"href":"https:\/\/www.cadena.com.co\/en\/wp-json\/wp\/v2\/categories?post=17658"},{"taxonomy":"post_tag","embeddable":true,"href":"https:\/\/www.cadena.com.co\/en\/wp-json\/wp\/v2\/tags?post=17658"}],"curies":[{"name":"wp","href":"https:\/\/api.w.org\/{rel}","templated":true}]}}