{"id":17368,"date":"2025-05-22T11:16:09","date_gmt":"2025-05-22T16:16:09","guid":{"rendered":"https:\/\/www.cadena.com.co\/?p=17368"},"modified":"2025-05-22T11:16:10","modified_gmt":"2025-05-22T16:16:10","slug":"desercion-escolar-reto","status":"publish","type":"post","link":"https:\/\/www.cadena.com.co\/en\/desercion-escolar-reto\/","title":{"rendered":"Deserci\u00f3n escolar: lograr que cada d\u00eda en clase cuente"},"content":{"rendered":"<p>La deserci\u00f3n escolar en Colombia es un fen\u00f3meno complejo que trasciende las cifras y refleja profundas desigualdades estructurales en el sistema educativo. Aunque se han logrado avances significativos en la cobertura, con millones de ni\u00f1os y j\u00f3venes matriculados en las aulas, el reto ahora es garantizar que el tiempo que pasan en las instituciones educativas sea significativo, transformador y sostenido.<\/p>\n\n\n\n<p>Seg\u00fan datos recientes del <a href=\"https:\/\/www.mineducacion.gov.co\/portal\/\" target=\"_blank\" rel=\"noreferrer noopener\">Ministerio de Educaci\u00f3n Naciona<\/a>l, en 2023, la tasa de deserci\u00f3n escolar en Colombia fue del 3,7%, lo que equivale a aproximadamente 335.000 estudiantes que abandonaron el sistema educativo en un solo a\u00f1o. Esta cifra representa la segunda m\u00e1s alta en la \u00faltima d\u00e9cada, solo superada por el 4,1% registrado en 2022. En total, m\u00e1s de 700.000 ni\u00f1os, ni\u00f1as y adolescentes han desertado en los \u00faltimos dos a\u00f1os, una situaci\u00f3n que enciende las alarmas sobre el estado actual del sistema educativo del pa\u00eds.<\/p>\n\n\n\n<p>En el departamento de Antioquia, la situaci\u00f3n tambi\u00e9n es preocupante. Aunque la tasa de deserci\u00f3n escolar ha mostrado una ligera disminuci\u00f3n, pasando de 5,9% en 2021 a 4,65% en 2023, a\u00fan representa un desaf\u00edo significativo para las autoridades educativas locales.<\/p>\n\n\n\n<p>La deserci\u00f3n escolar no es un fen\u00f3meno aislado; est\u00e1 estrechamente relacionada con otros factores como la repitencia y la extraedad. En 2023, m\u00e1s de 725.000 estudiantes en Colombia repitieron el a\u00f1o escolar, lo que representa una tasa de repitencia del 8,1%. Este fen\u00f3meno, adem\u00e1s de desmotivar a los estudiantes, incrementa la probabilidad de abandono escolar, especialmente entre aquellos de bajos recursos. Asimismo, la tasa de extraedad en el pa\u00eds es del 5,5%, lo que implica que alrededor de 500.000 estudiantes se encuentran atrasados en su proceso acad\u00e9mico y corren un mayor riesgo de desertar.<\/p>\n\n\n\n<p>Es fundamental reconocer que el acceso a la educaci\u00f3n no garantiza por s\u00ed solo la permanencia y el \u00e9xito acad\u00e9mico de los estudiantes. Es necesario implementar estrategias integrales que aborden las m\u00faltiples dimensiones del problema. Esto incluye mejorar la calidad de la educaci\u00f3n, fortalecer el acompa\u00f1amiento psicosocial, garantizar condiciones adecuadas de infraestructura y alimentaci\u00f3n, y promover la participaci\u00f3n activa de las familias y comunidades en el proceso educativo.<\/p>\n\n\n\n<p>Adem\u00e1s, es crucial que las pol\u00edticas p\u00fablicas se enfoquen en la equidad, asegurando que los recursos y esfuerzos se dirijan especialmente a las poblaciones m\u00e1s vulnerables, como las comunidades rurales, ind\u00edgenas y afrodescendientes, que enfrentan mayores barreras para acceder y permanecer en el sistema educativo.<\/p>\n\n\n\n<p>En este contexto, las alianzas interinstitucionales juegan un papel clave. La colaboraci\u00f3n entre el gobierno, las instituciones educativas, las organizaciones de la sociedad civil y el sector privado es esencial para dise\u00f1ar e implementar soluciones efectivas y sostenibles que respondan a las necesidades espec\u00edficas de cada territorio.<\/p>\n\n\n\n<p>En conclusi\u00f3n, la deserci\u00f3n escolar en Colombia es un problema multifac\u00e9tico que requiere una respuesta integral y coordinada. M\u00e1s all\u00e1 de aumentar la cobertura, es imperativo garantizar que cada ni\u00f1o y joven no solo acceda a la educaci\u00f3n, sino que permanezca, aprenda y se desarrolle plenamente en un entorno que le brinde las herramientas necesarias para construir un proyecto de vida digno y contribuir al desarrollo sostenible de su comunidad y del pa\u00eds en su conjunto.<\/p>","protected":false},"excerpt":{"rendered":"<p>M\u00e1s de 700.000 estudiantes han desertado en dos a\u00f1os. Garantizar su permanencia exige calidad, equidad y apoyo integral en la educaci\u00f3n.<\/p>","protected":false},"author":4,"featured_media":17369,"comment_status":"closed","ping_status":"closed","sticky":false,"template":"","format":"standard","meta":{"inline_featured_image":false,"footnotes":""},"categories":[120],"tags":[],"class_list":["post-17368","post","type-post","status-publish","format-standard","has-post-thumbnail","hentry","category-fundaciin-juan-del-corral"],"_links":{"self":[{"href":"https:\/\/www.cadena.com.co\/en\/wp-json\/wp\/v2\/posts\/17368","targetHints":{"allow":["GET"]}}],"collection":[{"href":"https:\/\/www.cadena.com.co\/en\/wp-json\/wp\/v2\/posts"}],"about":[{"href":"https:\/\/www.cadena.com.co\/en\/wp-json\/wp\/v2\/types\/post"}],"author":[{"embeddable":true,"href":"https:\/\/www.cadena.com.co\/en\/wp-json\/wp\/v2\/users\/4"}],"replies":[{"embeddable":true,"href":"https:\/\/www.cadena.com.co\/en\/wp-json\/wp\/v2\/comments?post=17368"}],"version-history":[{"count":1,"href":"https:\/\/www.cadena.com.co\/en\/wp-json\/wp\/v2\/posts\/17368\/revisions"}],"predecessor-version":[{"id":17370,"href":"https:\/\/www.cadena.com.co\/en\/wp-json\/wp\/v2\/posts\/17368\/revisions\/17370"}],"wp:featuredmedia":[{"embeddable":true,"href":"https:\/\/www.cadena.com.co\/en\/wp-json\/wp\/v2\/media\/17369"}],"wp:attachment":[{"href":"https:\/\/www.cadena.com.co\/en\/wp-json\/wp\/v2\/media?parent=17368"}],"wp:term":[{"taxonomy":"category","embeddable":true,"href":"https:\/\/www.cadena.com.co\/en\/wp-json\/wp\/v2\/categories?post=17368"},{"taxonomy":"post_tag","embeddable":true,"href":"https:\/\/www.cadena.com.co\/en\/wp-json\/wp\/v2\/tags?post=17368"}],"curies":[{"name":"wp","href":"https:\/\/api.w.org\/{rel}","templated":true}]}}