{"id":17351,"date":"2025-05-15T15:04:27","date_gmt":"2025-05-15T20:04:27","guid":{"rendered":"https:\/\/www.cadena.com.co\/?p=17351"},"modified":"2025-05-15T15:04:28","modified_gmt":"2025-05-15T20:04:28","slug":"valor-del-cambio-en-organizaciones-y-personas","status":"publish","type":"post","link":"https:\/\/www.cadena.com.co\/en\/valor-del-cambio-en-organizaciones-y-personas\/","title":{"rendered":"El valor del cambio en las organizaciones y en las personas"},"content":{"rendered":"<p>Las necesidades evolucionan y los desaf\u00edos se transforman. Por eso, el cambio no es una opci\u00f3n, es parte del entorno en el que vivimos y trabajamos<strong>.<\/strong> Los mercados se mueven, las tecnolog\u00edas avanzan y las expectativas de los clientes evolucionan constantemente. En ese contexto, adaptarse se vuelve una competencia cr\u00edtica tanto para las organizaciones como para las personas.<\/p>\n\n\n\n<p>En el mundo empresarial, las organizaciones que desarrollan su capacidad de cambio no improvisan. Eval\u00faa, cuestiona, prueba, mide y ajusta. Escucha a sus clientes, a sus equipos, a su entorno. Cambia procesos, cambia formas de relacionarse, cambia herramientas. Y no porque est\u00e9 en crisis, sino porque quiere anticiparse, crecer y mantenerse vigente. En <a href=\"https:\/\/www.instagram.com\/cadena.co\/\" target=\"_blank\" rel=\"noreferrer noopener\">Cadena<\/a> lo hemos vivido una y otra vez: los cambios que hemos impulsado en nuestras soluciones, procesos y cultura son los que hoy nos permiten seguir siendo relevantes para nuestros clientes.<\/p>\n\n\n\n<p>Sin embargo, as\u00ed como las organizaciones deben adaptarse, tambi\u00e9n lo deben hacer las personas que las conforman. De hecho, una empresa no puede cambiar si su gente no est\u00e1 dispuesta a hacerlo.<\/p>\n\n\n\n<p>Hoy, m\u00e1s que nunca, el perfil profesional m\u00e1s valorado es el de quien sabe adaptarse. Quien, frente a una nueva herramienta, busca aprenderla. Quien, ante un cambio de direcci\u00f3n, pregunta c\u00f3mo puede aportar. Quien no se aferra a c\u00f3mo eran las cosas, sino que se enfoca en c\u00f3mo podr\u00edan ser mejores.<\/p>\n\n\n\n<p>Desarrollar una mentalidad abierta al cambio es una habilidad blanda de alt\u00edsimo impacto. Es lo que permite a las personas crecer dentro de una organizaci\u00f3n, reinventar su rol, liderar con empat\u00eda y construir soluciones desde la colaboraci\u00f3n. Cambiar, en lo personal y profesional, es aprender a ver las transiciones como una oportunidad, no como una p\u00e9rdida.<\/p>\n\n\n\n<p>Por eso, en un entorno donde los desaf\u00edos cambian de forma constantemente, la capacidad de adaptaci\u00f3n no debe verse como algo que se activa solo en momentos de crisis. Es una competencia que debe estar presente siempre, porque cada nuevo reto trae tambi\u00e9n una posibilidad de mejorar lo que hacemos y c\u00f3mo lo hacemos.<\/p>\n\n\n\n<h2 class=\"wp-block-heading\">El cambio como habilidad <\/h2>\n\n\n\n<p>Cuando el cambio es parte de la <a href=\"https:\/\/www.cadena.com.co\/en\/innovacion-empresas-que-avanzan\/\">cultura<\/a>, tambi\u00e9n se fortalece la confianza. Los equipos aprenden a conversar mejor, a equivocarse con menor temor, a proponer sin sentirse juzgados. En esos entornos, la innovaci\u00f3n se vuelve posible, el aprendizaje constante se convierte en h\u00e1bito y el crecimiento es sostenido. Las organizaciones y personas que entienden esto no solo se adaptan al cambio, sino que lo lideran.<\/p>\n\n\n\n<p>Durante mucho tiempo se nos ense\u00f1\u00f3 que lo importante era especializarse, volverse experto en algo y quedarse ah\u00ed. Pero hoy, en un mundo que cambia a una velocidad vertiginosa, lo m\u00e1s valioso no es saber una sola cosa. Es tener la capacidad de aprender otra. Y otra. Y otra m\u00e1s.<\/p>\n\n\n\n<p>Esa flexibilidad, esa mentalidad de crecimiento, es una de las habilidades m\u00e1s buscadas por las empresas. No porque se trate de estar siempre en movimiento, sino porque quien sabe adaptarse tambi\u00e9n sabe aportar. Escucha, conecta, propone, resuelve. Tiene la madurez de saber que el cambio no es una amenaza, sino una oportunidad de sumar desde otro lugar.<\/p>\n\n\n\n<p>Una mente abierta es tierra f\u00e9rtil para las ideas. Cuando las personas y los equipos est\u00e1n dispuestos a cambiar, a soltar formas antiguas de hacer las cosas, aparece algo nuevo: la posibilidad de encontrar soluciones que antes no se ve\u00edan. Es en esa apertura donde surgen mejoras, donde se resuelven problemas de fondo y donde, muchas veces, se encuentra una nueva forma de hacer lo mismo\u2026 pero mejor.<\/p>\n\n\n\n<p><strong>Cambiar es evolucionar<\/strong><\/p>\n\n\n\n<p>En las empresas, el cambio no debe ser una reacci\u00f3n ante una crisis. Debe ser parte del ADN. Una cultura que abraza el cambio desde lo cotidiano, desde una reuni\u00f3n, una mejora de proceso, una conversaci\u00f3n entre \u00e1reas es una cultura m\u00e1s preparada para innovar, para cuidar el talento, para moverse con prop\u00f3sito. Las empresas que logran esto no se desgastan remando contra el r\u00edo, se fortalecen aprendiendo a leer la corriente y a navegar con inteligencia.<\/p>\n\n\n\n<p><strong>Un mensaje para cerrar<\/strong><\/p>\n\n\n\n<p>Si hoy est\u00e1s frente a un cambio, sea personal o profesional, no lo mires como un obst\u00e1culo. M\u00edralo como una se\u00f1al de que est\u00e1s vivo, presente, en movimiento. No hace falta que tengas todas las respuestas. Hace falta que est\u00e9s dispuesto a hacerte nuevas preguntas.<\/p>\n\n\n\n<p>Porque quedarse igual, cuando todo alrededor se transforma, no es estabilidad: es desconexi\u00f3n. Cambiar tambi\u00e9n es cuidar lo que importa: el bienestar, el tiempo, los recursos, las personas. Una decisi\u00f3n de cambio puede ser la diferencia entre repetir errores o abrir espacio para hacerlo mejor. Cambiar es, muchas veces, una forma de honrar lo que ya se hizo, apost\u00e1ndole a lo que a\u00fan est\u00e1 por venir.<\/p>","protected":false},"excerpt":{"rendered":"<p>La capacidad y adaptaci\u00f3n al cambio es una habilidad fundamental a nivel organizacional y personal que permite mejorar, avanzar y mejorar.<\/p>","protected":false},"author":6,"featured_media":17355,"comment_status":"closed","ping_status":"closed","sticky":false,"template":"","format":"standard","meta":{"inline_featured_image":false,"footnotes":""},"categories":[16],"tags":[15],"class_list":["post-17351","post","type-post","status-publish","format-standard","has-post-thumbnail","hentry","category-innovacion","tag-innovacion-2"],"_links":{"self":[{"href":"https:\/\/www.cadena.com.co\/en\/wp-json\/wp\/v2\/posts\/17351","targetHints":{"allow":["GET"]}}],"collection":[{"href":"https:\/\/www.cadena.com.co\/en\/wp-json\/wp\/v2\/posts"}],"about":[{"href":"https:\/\/www.cadena.com.co\/en\/wp-json\/wp\/v2\/types\/post"}],"author":[{"embeddable":true,"href":"https:\/\/www.cadena.com.co\/en\/wp-json\/wp\/v2\/users\/6"}],"replies":[{"embeddable":true,"href":"https:\/\/www.cadena.com.co\/en\/wp-json\/wp\/v2\/comments?post=17351"}],"version-history":[{"count":2,"href":"https:\/\/www.cadena.com.co\/en\/wp-json\/wp\/v2\/posts\/17351\/revisions"}],"predecessor-version":[{"id":17353,"href":"https:\/\/www.cadena.com.co\/en\/wp-json\/wp\/v2\/posts\/17351\/revisions\/17353"}],"wp:featuredmedia":[{"embeddable":true,"href":"https:\/\/www.cadena.com.co\/en\/wp-json\/wp\/v2\/media\/17355"}],"wp:attachment":[{"href":"https:\/\/www.cadena.com.co\/en\/wp-json\/wp\/v2\/media?parent=17351"}],"wp:term":[{"taxonomy":"category","embeddable":true,"href":"https:\/\/www.cadena.com.co\/en\/wp-json\/wp\/v2\/categories?post=17351"},{"taxonomy":"post_tag","embeddable":true,"href":"https:\/\/www.cadena.com.co\/en\/wp-json\/wp\/v2\/tags?post=17351"}],"curies":[{"name":"wp","href":"https:\/\/api.w.org\/{rel}","templated":true}]}}