{"id":17217,"date":"2025-04-14T07:33:14","date_gmt":"2025-04-14T12:33:14","guid":{"rendered":"https:\/\/www.cadena.com.co\/?p=17217"},"modified":"2025-04-14T14:39:54","modified_gmt":"2025-04-14T19:39:54","slug":"facturacion-electronica-con-nuevos-ajustes-dian","status":"publish","type":"post","link":"https:\/\/www.cadena.com.co\/en\/facturacion-electronica-con-nuevos-ajustes-dian\/","title":{"rendered":"La DIAN hace ajustes clave en facturaci\u00f3n electr\u00f3nica"},"content":{"rendered":"<p>El pasado 31 de marzo, la DIAN emiti\u00f3 la <a href=\"https:\/\/www.dian.gov.co\/normatividad\/Normatividad\/Resoluci%C3%B3n%20000202%20de%2031-03-2025.pdf#search=202%202025\" target=\"_blank\" rel=\"noreferrer noopener\">Resoluci\u00f3n 000202,<\/a> con cambios importantes para el Ecosistema de Facturaci\u00f3n Electr\u00f3nica que vale la pena entender desde ya. No son complicados, pero s\u00ed muy concretos, y si los aplicas a tiempo, evitas reprocesos.<\/p>\n\n\n\n<p>&nbsp;Vale la pena aclarar que esta resoluci\u00f3n no cambia todo el sistema, pero s\u00ed afina detalles que impactan directamente a quienes facturan electr\u00f3nicamente, sobre todo en sectores como servicios p\u00fablicos, comercio minorista y puntos de venta.<\/p>\n\n\n\n<h2 class=\"wp-block-heading\"><strong>Ajustes en el ecosistema de facturaci\u00f3n electr\u00f3nica para las empresas de servicios p\u00fablicos<\/strong><\/h2>\n\n\n\n<p>Las empresas de Servicios P\u00fablicos Domiciliarios, que ya ven\u00edan emitiendo Documento Equivalente Electr\u00f3nico (DEE), deben tener en cuenta una precisi\u00f3n importante: <strong>ese documento solo se puede usar para transacciones directamente relacionadas con el servicio que prestan<\/strong>. No m\u00e1s all\u00e1. Nada de usar el mismo formato para ventas adicionales, convenios o productos relacionados. <\/p>\n\n\n\n<p>Adem\u00e1s, si est\u00e1s en el modelo de facturaci\u00f3n en sitio \u2014por ejemplo, cuando un operario lee el medidor en campo\u2014 y no puede emitir o validar la factura por una falla t\u00e9cnica, la empresa tiene 48 horas como plazo m\u00e1ximo para enviar esa informaci\u00f3n a la DIAN, contadas desde la lectura. Ese margen no es para relajarse, es para organizarse mejor<\/p>\n\n\n\n<p><strong>En los puntos de venta, la experiencia del cliente importa (y la norma lo sabe)<\/strong><\/p>\n\n\n\n<p>Cuando un cliente solicita que la factura se emita a su nombre, no hay excusa para pedirle m\u00e1s datos de la cuenta. Seg\u00fan la nueva resoluci\u00f3n, basta con tres datos: nombre o raz\u00f3n social, tipo y n\u00famero de identificaci\u00f3n, y correo electr\u00f3nico. Ni m\u00e1s ni menos.<\/p>\n\n\n\n<p>Esto tiene dos lecturas: para el comprador, es un tr\u00e1mite m\u00e1s simple. Para el vendedor, es una oportunidad para optimizar el proceso.<\/p>\n\n\n\n<p><strong>Consulta en l\u00ednea de datos del comprador: una novedad en camino<\/strong><\/p>\n\n\n\n<p>La DIAN est\u00e1 preparando un nuevo servicio: una base de datos para consultar, en tiempo real, los datos del comprador en el momento de la venta. Esto ayudar\u00e1 a que la informaci\u00f3n llegue m\u00e1s r\u00e1pido y m\u00e1s precisa al sistema de facturaci\u00f3n electr\u00f3nica.<\/p>\n\n\n\n<p>Eso s\u00ed, este servicio es solo para el momento de la venta, no para usarlo con fines distintos ni hacer uso masivo de la informaci\u00f3n. La fecha exacta de disponibilidad a\u00fan no se ha anunciado, pero se espera que facilite el trabajo de quienes facturan a diario.<\/p>\n\n\n\n<p>La Dian se reuni\u00f3n esta semana (9 de abril) con los Proveedores tecnol\u00f3gicos en una sesi\u00f3n donde se present\u00f3 oficialmente la nueva funcionalidad clave en el ecosistema de <strong>Factura Electr\u00f3nica<\/strong>: <strong>Servicio Web para consulta de informaci\u00f3n del adquiriente<\/strong>. Este nuevo servicio permitir\u00e1 a los emisores completar autom\u00e1ticamente los datos del adquiriente de una factura electr\u00f3nica <strong>ingresando \u00fanicamente el n\u00famero y tipo de identificaci\u00f3n<\/strong>. La DIAN tendr\u00e1 expuesto un servicio web que consulta la informaci\u00f3n directamente desde sus bases de datos, el cual contar\u00e1 con los siguientes campos:<\/p>\n\n\n\n<ul class=\"wp-block-list\">\n<li>Nombre o raz\u00f3n social del adquiriente<\/li>\n\n\n\n<li>Correo electr\u00f3nico registrado<\/li>\n<\/ul>\n\n\n\n<p>La idea detr\u00e1s de este nuevo servicio es muy simple: que facturar sea m\u00e1s r\u00e1pido, que se cometan menos errores y que todo fluya mejor, tanto para quienes venden como para quienes compran, adem\u00e1s de facilitar la identificaci\u00f3n del comprador para evitar el uso gen\u00e9rico del &#8220;222222222&#8221;<\/p>\n\n\n\n<p><strong>\u00bfY ahora qu\u00e9? Revisa, ajusta y sigue avanzando<\/strong><\/p>\n\n\n\n<p>Si est\u00e1s en el mundo de la facturaci\u00f3n electr\u00f3nica (y lo est\u00e1s, si tienes un negocio formal), este es un buen momento para revisar c\u00f3mo est\u00e1s facturando y si tus procesos est\u00e1n alineados con los nuevos lineamientos. Lo m\u00e1s probable es que con peque\u00f1os ajustes puedas estar 100% en regla.<\/p>\n\n\n\n<p>Y si no sabes por d\u00f3nde empezar, lo mejor es apoyarte en un aliado que conozca el sistema, entienda la normativa y tenga soluciones tecnol\u00f3gicas listas para integrarse a tu operaci\u00f3n.<\/p>\n\n\n\n<p>En <a href=\"https:\/\/www.cadena.com.co\/en\/facturacion-electronica\/\">Cadena<\/a> trabajamos cada d\u00eda para que las empresas como la tuya puedan cumplir sin complicarse. Ya sea que manejes vol\u00famenes altos o procesos muy particulares, te acompa\u00f1amos para que la tecnolog\u00eda est\u00e9 de tu lado y no se convierta en una carga.<\/p>\n\n\n\n<p>Porque cumplir no tiene por qu\u00e9 ser dif\u00edcil. Con informaci\u00f3n clara, herramientas adecuadas y decisiones oportunas, puedes dedicarte a lo m\u00e1s importante: hacer crecer tu negocio con confianza.<\/p>\n\n\n\n<p>RESOLUCI\u00d3N COMPLETA: <a href=\"https:\/\/www.dian.gov.co\/normatividad\/Normatividad\/Resoluci%C3%B3n%20000202%20de%2031-03-2025.pdf#search=202%202025\" target=\"_blank\" rel=\"noopener\">https:\/\/www.dian.gov.co\/normatividad\/Normatividad\/Resoluci%C3%B3n%20000202%20de%2031-03-2025.pdf#search=202%202025<\/a><\/p>","protected":false},"excerpt":{"rendered":"<p>El pasado 31 de marzo, la DIAN emiti\u00f3 la Resoluci\u00f3n 000202, con cambios importantes para el Ecosistema de Facturaci\u00f3n Electr\u00f3nica <\/p>","protected":false},"author":6,"featured_media":17222,"comment_status":"closed","ping_status":"closed","sticky":false,"template":"","format":"standard","meta":{"inline_featured_image":false,"footnotes":""},"categories":[117],"tags":[102],"class_list":["post-17217","post","type-post","status-publish","format-standard","has-post-thumbnail","hentry","category-facturacion-electronica","tag-transformacion-de-data"],"_links":{"self":[{"href":"https:\/\/www.cadena.com.co\/en\/wp-json\/wp\/v2\/posts\/17217","targetHints":{"allow":["GET"]}}],"collection":[{"href":"https:\/\/www.cadena.com.co\/en\/wp-json\/wp\/v2\/posts"}],"about":[{"href":"https:\/\/www.cadena.com.co\/en\/wp-json\/wp\/v2\/types\/post"}],"author":[{"embeddable":true,"href":"https:\/\/www.cadena.com.co\/en\/wp-json\/wp\/v2\/users\/6"}],"replies":[{"embeddable":true,"href":"https:\/\/www.cadena.com.co\/en\/wp-json\/wp\/v2\/comments?post=17217"}],"version-history":[{"count":4,"href":"https:\/\/www.cadena.com.co\/en\/wp-json\/wp\/v2\/posts\/17217\/revisions"}],"predecessor-version":[{"id":17223,"href":"https:\/\/www.cadena.com.co\/en\/wp-json\/wp\/v2\/posts\/17217\/revisions\/17223"}],"wp:featuredmedia":[{"embeddable":true,"href":"https:\/\/www.cadena.com.co\/en\/wp-json\/wp\/v2\/media\/17222"}],"wp:attachment":[{"href":"https:\/\/www.cadena.com.co\/en\/wp-json\/wp\/v2\/media?parent=17217"}],"wp:term":[{"taxonomy":"category","embeddable":true,"href":"https:\/\/www.cadena.com.co\/en\/wp-json\/wp\/v2\/categories?post=17217"},{"taxonomy":"post_tag","embeddable":true,"href":"https:\/\/www.cadena.com.co\/en\/wp-json\/wp\/v2\/tags?post=17217"}],"curies":[{"name":"wp","href":"https:\/\/api.w.org\/{rel}","templated":true}]}}