{"id":14106,"date":"2024-09-15T11:50:37","date_gmt":"2024-09-15T16:50:37","guid":{"rendered":"https:\/\/www.cadena.com.co\/?p=14106"},"modified":"2024-09-18T15:31:17","modified_gmt":"2024-09-18T20:31:17","slug":"transformacion-tecnologica-en-los-procesos-educativos","status":"publish","type":"post","link":"https:\/\/www.cadena.com.co\/en\/transformacion-tecnologica-en-los-procesos-educativos\/","title":{"rendered":"Transformaci\u00f3n tecnol\u00f3gica en los procesos educativos"},"content":{"rendered":"<p>Transformaci\u00f3n tecnol\u00f3gica en los procesos educativos fue el tema de conversaci\u00f3n de este en vivo junto a Esteban Betancur Sierra, Presidente de Prestigio y Rafael de C\u00e1rdenas L\u00f3pez, Chief Academic en Westfield USA y fundador de TETE Fostering Leadership.<a href=\"https:\/\/www.cadena.com.co\/en\/conocimiento\/en-vivo-transformacion-tecnologica-de-los-procesos-educativos\/\" target=\"_blank\" rel=\"noreferrer noopener\"><\/a><\/p>","protected":false},"excerpt":{"rendered":"<p>Transformaci\u00f3n tecnol\u00f3gica en los procesos educativos fue el tema de conversaci\u00f3n de este en vivo junto a Esteban Betancur Sierra, Presidente de Prestigio y Rafael de C\u00e1rdenas L\u00f3pez, Chief Academic en Westfield USA y fundador de TETE Fostering Leadership.<\/p>","protected":false},"author":2,"featured_media":0,"comment_status":"open","ping_status":"closed","sticky":false,"template":"","format":"standard","meta":{"inline_featured_image":false,"footnotes":""},"categories":[98],"tags":[103],"class_list":["post-14106","post","type-post","status-publish","format-standard","hentry","category-en-vivo","tag-profra"],"_links":{"self":[{"href":"https:\/\/www.cadena.com.co\/en\/wp-json\/wp\/v2\/posts\/14106","targetHints":{"allow":["GET"]}}],"collection":[{"href":"https:\/\/www.cadena.com.co\/en\/wp-json\/wp\/v2\/posts"}],"about":[{"href":"https:\/\/www.cadena.com.co\/en\/wp-json\/wp\/v2\/types\/post"}],"author":[{"embeddable":true,"href":"https:\/\/www.cadena.com.co\/en\/wp-json\/wp\/v2\/users\/2"}],"replies":[{"embeddable":true,"href":"https:\/\/www.cadena.com.co\/en\/wp-json\/wp\/v2\/comments?post=14106"}],"version-history":[{"count":1,"href":"https:\/\/www.cadena.com.co\/en\/wp-json\/wp\/v2\/posts\/14106\/revisions"}],"predecessor-version":[{"id":14107,"href":"https:\/\/www.cadena.com.co\/en\/wp-json\/wp\/v2\/posts\/14106\/revisions\/14107"}],"wp:attachment":[{"href":"https:\/\/www.cadena.com.co\/en\/wp-json\/wp\/v2\/media?parent=14106"}],"wp:term":[{"taxonomy":"category","embeddable":true,"href":"https:\/\/www.cadena.com.co\/en\/wp-json\/wp\/v2\/categories?post=14106"},{"taxonomy":"post_tag","embeddable":true,"href":"https:\/\/www.cadena.com.co\/en\/wp-json\/wp\/v2\/tags?post=14106"}],"curies":[{"name":"wp","href":"https:\/\/api.w.org\/{rel}","templated":true}]}}