{"id":13431,"date":"2024-07-24T22:45:05","date_gmt":"2024-07-25T03:45:05","guid":{"rendered":"https:\/\/www.cadena.com.co\/?p=13431"},"modified":"2024-10-30T14:06:06","modified_gmt":"2024-10-30T19:06:06","slug":"crisis-reputacional-y-liderazgo-una-relacion-simbiotica","status":"publish","type":"post","link":"https:\/\/www.cadena.com.co\/en\/crisis-reputacional-y-liderazgo-una-relacion-simbiotica\/","title":{"rendered":"Crisis reputacional y liderazgo, una relaci\u00f3n simbi\u00f3tica"},"content":{"rendered":"\t\t<div data-elementor-type=\"wp-post\" data-elementor-id=\"13431\" class=\"elementor elementor-13431\" data-elementor-post-type=\"post\">\n\t\t\t\t<div class=\"elementor-element elementor-element-7c6c083 e-flex e-con-boxed e-con e-parent\" data-id=\"7c6c083\" data-element_type=\"container\" data-e-type=\"container\" data-settings=\"{&quot;jet_parallax_layout_list&quot;:[]}\">\n\t\t\t\t\t<div class=\"e-con-inner\">\n\t\t\t\t<div class=\"elementor-element elementor-element-2bdbb89 elementor-widget elementor-widget-text-editor\" data-id=\"2bdbb89\" data-element_type=\"widget\" data-e-type=\"widget\" data-widget_type=\"text-editor.default\">\n\t\t\t\t<div class=\"elementor-widget-container\">\n\t\t\t\t\t\t\t\t\t<p><span style=\"font-weight: 400;\">Toda crisis es, estructuralmente, una crisis de liderazgo. Esta es la principal ense\u00f1anza que me ha dejado el entrenamiento derivado de haber estado en equipos de crisis en empresas, entidades del sector p\u00fablico y con l\u00edderes empresariales y pol\u00edticos. <\/span><\/p><p><b>Por:\u00a0 <\/b><a href=\"https:\/\/www.linkedin.com\/in\/daniel-rivera-campos-397a57100\/?trk=public_profile_browsemap&amp;originalSubdomain=co\" target=\"_blank\" rel=\"noopener\"><b>Daniel Rivera<\/b><\/a><\/p><p><b>Socio de Modum Estrategia + Comunicaci\u00f3n<\/b><\/p><h2><b>\u00bfLiderazgo para qu\u00e9?<\/b><\/h2><p><span style=\"font-weight: 400;\">Trabajo constantemente sobre esta pregunta con los equipos de direcci\u00f3n y las juntas directivas que asesoro, porque me parece que <\/span><b>es donde est\u00e1n la mayor\u00eda de respuestas, a la hora de anticipar o gestionar una crisis reputacional.<\/b><span style=\"font-weight: 400;\"> Sobre todo, es la pregunta que le permite a las organizaciones pensar en el \u201cd\u00eda despu\u00e9s\u201d.\u00a0<\/span><\/p><p><span style=\"font-weight: 400;\">Ese fant\u00e1stico y retador ejercicio que consiste en modelar un escenario sin la principal variable causante u orientadora de la crisis, en la que todos los niveles de la corporaci\u00f3n comienzan, a\u00fan sin haber salido de la situaci\u00f3n, a comportarse en consecuencia.<\/span><\/p><p><b>Es all\u00ed en donde debe emerger y brillar el liderazgo.<\/b><span style=\"font-weight: 400;\"> No para entrar al perverso e infructuoso juego de las culpas, que es lo usualmente sucede. Es para <\/span><b>asumir las riendas de lo bueno y malo de los procesos que lideramos, <\/b><span style=\"font-weight: 400;\">corregir lo que sea del caso, reconocer los errores que correspondan y mantener una <\/span><b>relaci\u00f3n de di\u00e1logo, emp\u00e1tica y fluida<\/b><span style=\"font-weight: 400;\"> con nuestro <\/span><a href=\"https:\/\/www.funcionpublica.gov.co\/web\/murc\/tecnica-no-4-relacionamiento-de-los-grupos-de-interes#:~:text=Los%20grupos%20de%20inter%C3%A9s%20(Stakeholders,para%20el%20desarrollo%20de%20la\" target=\"_blank\" rel=\"noopener\"><span style=\"font-weight: 400;\">mapa de grupos de inter\u00e9s<\/span><\/a><span style=\"font-weight: 400;\">, que son al final quienes tienen el veredicto sobre si merecemos una \u201csegunda oportunidad\u201d.<\/span><\/p><p><a href=\"https:\/\/www.cadena.com.co\/adaptarse-y-evolucionar-que-hacer-en-tiempos-de-crisis\/\"><b>Te puede interesar: Adaptarse<\/b><b> y evolucionar: \u00bfqu\u00e9 hacer en tiempos de crisis?<\/b><\/a><\/p><p><span style=\"font-weight: 400;\">Tambi\u00e9n es necesario, si de lo que hablamos es de proteger la reputaci\u00f3n en una situaci\u00f3n de crisis, ejercer el liderazgo para anticipar curvas peligrosas, rodearse de equipos que sean los mejores en sus \u00e1reas, revisar permanentemente los procesos cr\u00edticos de la organizaci\u00f3n, tomar decisiones (buenas o malas, pero tomarlas); para escuchar, m\u00e1s que hablar en exceso, para inspirar en tiempos turbulentos, reconocer errores y no inculcar la idea de que no se puedan cometer; para <\/span><b>tener capacidades relacionales por encima de las transaccionales<\/b> <b>y, sobre todo, para reconocer que<\/b> <b>el sistema de poderes e influencias que en sociedades como la nuestra, ha cambiado vertiginosamente.<\/b><\/p><p><span style=\"font-weight: 400;\">Esto es, dejar de pensar que estamos en un pedestal indestructible y, en consecuencia, debemos construir y practicar una <\/span><b>declaraci\u00f3n consciente y clara de respeto, cuidado y fomento decidido de nuestro entorno.<\/b><\/p><h2><b>Suena f\u00e1cil, \u00bfno?<\/b><\/h2><p><span style=\"font-weight: 400;\">La verdad es que <\/span><b>es un trabajo que requiere entrenamiento, constancia, disciplina, m\u00e9todo y compromiso genuino<\/b><span style=\"font-weight: 400;\"> de quienes tengan alguna responsabilidad de decisi\u00f3n al interior de una organizaci\u00f3n.<\/span><\/p><p><span style=\"font-weight: 400;\">No me gusta el concepto de la reputaci\u00f3n como algo abstracto o como un <\/span><a href=\"https:\/\/www.bankinter.com\/blog\/empresas\/activos-intangibles-empresa-que-son#:~:text=Tal%20y%20como%20define%20la,pero%20tienen%20un%20valor%20liquidativo%22.\" target=\"_blank\" rel=\"noopener\"><span style=\"font-weight: 400;\">intangible valioso<\/span><\/a><span style=\"font-weight: 400;\">; la entiendo como <\/span><b>el resultado de que todos los procesos est\u00e9n haci\u00e9ndose como deben hacerse<\/b><span style=\"font-weight: 400;\"> y, en ese sentido, compromete a muchas instancias dentro de una organizaci\u00f3n.\u00a0<\/span><\/p><p><a href=\"https:\/\/www.cadena.com.co\/spin-off-la-revolucion-industrial-desde-la-academia\/\"><b>Contin\u00faa leyendo: <\/b><b><i>Spin-off<\/i><\/b><b>: la revoluci\u00f3n industrial desde la academia<\/b><\/a><\/p><p><b>Hacer las cosas bien, eso es reputaci\u00f3n. <\/b><span style=\"font-weight: 400;\">Esa es la ense\u00f1anza que me dej\u00f3 un cliente hace muchos a\u00f1os, y que intento inculcar en mis asesor\u00edas.\u00a0<\/span><\/p><p><span style=\"font-weight: 400;\">Se escribe f\u00e1cil, pero se implementa en escenarios complejos, en permanente tensi\u00f3n y con obst\u00e1culos en frente, que <\/span><b>son connaturales a las organizaciones.\u00a0<\/b><\/p><p><span style=\"font-weight: 400;\">En tener la capacidad para entender correctamente ese entorno, en resolver c\u00f3mo articular la gesti\u00f3n de la reputaci\u00f3n y en el liderazgo, est\u00e1 el pilar medular de nuestro modelo de asesor\u00eda. <\/span><\/p>\t\t\t\t\t\t\t\t<\/div>\n\t\t\t\t<\/div>\n\t\t\t\t\t<\/div>\n\t\t\t\t<\/div>\n\t\t\t\t<section class=\"elementor-section elementor-top-section elementor-element elementor-element-4945bee elementor-section-boxed elementor-section-height-default elementor-section-height-default\" data-id=\"4945bee\" data-element_type=\"section\" data-e-type=\"section\" data-settings=\"{&quot;jet_parallax_layout_list&quot;:[]}\">\n\t\t\t\t\t\t<div class=\"elementor-container elementor-column-gap-default\">\n\t\t\t\t\t<div class=\"elementor-column elementor-col-100 elementor-top-column elementor-element elementor-element-8808118\" data-id=\"8808118\" data-element_type=\"column\" data-e-type=\"column\">\n\t\t\t<div class=\"elementor-widget-wrap elementor-element-populated\">\n\t\t\t\t\t\t<div class=\"elementor-element elementor-element-2b623dd elementor-widget elementor-widget-spacer\" data-id=\"2b623dd\" data-element_type=\"widget\" data-e-type=\"widget\" data-widget_type=\"spacer.default\">\n\t\t\t\t<div class=\"elementor-widget-container\">\n\t\t\t\t\t\t\t<div class=\"elementor-spacer\">\n\t\t\t<div class=\"elementor-spacer-inner\"><\/div>\n\t\t<\/div>\n\t\t\t\t\t\t<\/div>\n\t\t\t\t<\/div>\n\t\t\t\t<div class=\"elementor-element elementor-element-ae8c5c1 elementor-widget elementor-widget-heading\" data-id=\"ae8c5c1\" data-element_type=\"widget\" data-e-type=\"widget\" data-widget_type=\"heading.default\">\n\t\t\t\t<div class=\"elementor-widget-container\">\n\t\t\t\t\t<h3 class=\"elementor-heading-title elementor-size-default\">Preguntas relacionadas<\/h3>\t\t\t\t<\/div>\n\t\t\t\t<\/div>\n\t\t\t\t<div class=\"elementor-element elementor-element-48d27f9 elementor-widget elementor-widget-accordion\" data-id=\"48d27f9\" data-element_type=\"widget\" data-e-type=\"widget\" data-widget_type=\"accordion.default\">\n\t\t\t\t<div class=\"elementor-widget-container\">\n\t\t\t\t\t\t\t<div class=\"elementor-accordion\">\n\t\t\t\t\t\t\t<div class=\"elementor-accordion-item\">\n\t\t\t\t\t<div id=\"elementor-tab-title-7631\" class=\"elementor-tab-title\" data-tab=\"1\" role=\"button\" aria-controls=\"elementor-tab-content-7631\" aria-expanded=\"false\">\n\t\t\t\t\t\t\t\t\t\t\t\t\t<span class=\"elementor-accordion-icon elementor-accordion-icon-right\" aria-hidden=\"true\">\n\t\t\t\t\t\t\t\t\t\t\t\t\t\t\t<span class=\"elementor-accordion-icon-closed\"><svg class=\"e-font-icon-svg e-fas-chevron-down\" viewBox=\"0 0 448 512\" xmlns=\"http:\/\/www.w3.org\/2000\/svg\"><path d=\"M207.029 381.476L12.686 187.132c-9.373-9.373-9.373-24.569 0-33.941l22.667-22.667c9.357-9.357 24.522-9.375 33.901-.04L224 284.505l154.745-154.021c9.379-9.335 24.544-9.317 33.901.04l22.667 22.667c9.373 9.373 9.373 24.569 0 33.941L240.971 381.476c-9.373 9.372-24.569 9.372-33.942 0z\"><\/path><\/svg><\/span>\n\t\t\t\t\t\t\t\t<span class=\"elementor-accordion-icon-opened\"><svg class=\"e-font-icon-svg e-fas-chevron-up\" viewBox=\"0 0 448 512\" xmlns=\"http:\/\/www.w3.org\/2000\/svg\"><path d=\"M240.971 130.524l194.343 194.343c9.373 9.373 9.373 24.569 0 33.941l-22.667 22.667c-9.357 9.357-24.522 9.375-33.901.04L224 227.495 69.255 381.516c-9.379 9.335-24.544 9.317-33.901-.04l-22.667-22.667c-9.373-9.373-9.373-24.569 0-33.941L207.03 130.525c9.372-9.373 24.568-9.373 33.941-.001z\"><\/path><\/svg><\/span>\n\t\t\t\t\t\t\t\t\t\t\t\t\t\t<\/span>\n\t\t\t\t\t\t\t\t\t\t\t\t<a class=\"elementor-accordion-title\" tabindex=\"0\">1. \u00bfQu\u00e9 es una crisis reputacional?<\/a>\n\t\t\t\t\t<\/div>\n\t\t\t\t\t<div id=\"elementor-tab-content-7631\" class=\"elementor-tab-content elementor-clearfix\" data-tab=\"1\" role=\"region\" aria-labelledby=\"elementor-tab-title-7631\"><p><span style=\"font-weight: 400;\">Cuando un imprevisto genera un impacto inmediato en la credibilidad de la empresa, lo que compromete la imagen del negocio y que puede generar una p\u00e9rdida de la confianza. <\/span><\/p><\/div>\n\t\t\t\t<\/div>\n\t\t\t\t\t\t\t\t<\/div>\n\t\t\t\t\t\t<\/div>\n\t\t\t\t<\/div>\n\t\t\t\t<div class=\"elementor-element elementor-element-6b7c4d1 elementor-widget elementor-widget-html\" data-id=\"6b7c4d1\" data-element_type=\"widget\" data-e-type=\"widget\" data-widget_type=\"html.default\">\n\t\t\t\t<div class=\"elementor-widget-container\">\n\t\t\t\t\t<script type=\"application\/ld+json\">{\"@context\":\"https:\/\/schema.org\",\"@type\":\"FAQPage\",\"mainEntity\":[{\"@type\":\"Question\",\"name\":\"\u00bfQu\u00e9 es una crisis reputacional?\",\"acceptedAnswer\":{\"@type\":\"Answer\",\"text\":\"Cuando un imprevisto genera un impacto inmediato en la credibilidad de la empresa, lo que compromete la imagen del negocio y que puede generar una p\u00e9rdida de la confianza. \"}}]}<\/script><!--FAQPage Code Generated by https:\/\/saijogeorge.com\/json-ld-schema-generator\/faq\/-->\t\t\t\t<\/div>\n\t\t\t\t<\/div>\n\t\t\t\t\t<\/div>\n\t\t<\/div>\n\t\t\t\t\t<\/div>\n\t\t<\/section>\n\t\t\t\t<\/div>\n\t\t","protected":false},"excerpt":{"rendered":"<p>Toda crisis es, estructuralmente, una crisis de liderazgo. Esta es la principal ense\u00f1anza que me ha dejado el entrenamiento derivado de haber estado en equipos de crisis en empresas<\/p>","protected":false},"author":2,"featured_media":13432,"comment_status":"open","ping_status":"closed","sticky":false,"template":"","format":"standard","meta":{"inline_featured_image":false,"footnotes":""},"categories":[95],"tags":[43,32],"class_list":["post-13431","post","type-post","status-publish","format-standard","has-post-thumbnail","hentry","category-ultimos-blogs","tag-tecnologia","tag-transformacion-digital"],"_links":{"self":[{"href":"https:\/\/www.cadena.com.co\/en\/wp-json\/wp\/v2\/posts\/13431","targetHints":{"allow":["GET"]}}],"collection":[{"href":"https:\/\/www.cadena.com.co\/en\/wp-json\/wp\/v2\/posts"}],"about":[{"href":"https:\/\/www.cadena.com.co\/en\/wp-json\/wp\/v2\/types\/post"}],"author":[{"embeddable":true,"href":"https:\/\/www.cadena.com.co\/en\/wp-json\/wp\/v2\/users\/2"}],"replies":[{"embeddable":true,"href":"https:\/\/www.cadena.com.co\/en\/wp-json\/wp\/v2\/comments?post=13431"}],"version-history":[{"count":1,"href":"https:\/\/www.cadena.com.co\/en\/wp-json\/wp\/v2\/posts\/13431\/revisions"}],"predecessor-version":[{"id":15357,"href":"https:\/\/www.cadena.com.co\/en\/wp-json\/wp\/v2\/posts\/13431\/revisions\/15357"}],"wp:featuredmedia":[{"embeddable":true,"href":"https:\/\/www.cadena.com.co\/en\/wp-json\/wp\/v2\/media\/13432"}],"wp:attachment":[{"href":"https:\/\/www.cadena.com.co\/en\/wp-json\/wp\/v2\/media?parent=13431"}],"wp:term":[{"taxonomy":"category","embeddable":true,"href":"https:\/\/www.cadena.com.co\/en\/wp-json\/wp\/v2\/categories?post=13431"},{"taxonomy":"post_tag","embeddable":true,"href":"https:\/\/www.cadena.com.co\/en\/wp-json\/wp\/v2\/tags?post=13431"}],"curies":[{"name":"wp","href":"https:\/\/api.w.org\/{rel}","templated":true}]}}