{"id":13406,"date":"2024-07-19T13:45:57","date_gmt":"2024-07-19T18:45:57","guid":{"rendered":"https:\/\/www.cadena.com.co\/?p=13406"},"modified":"2026-08-20T14:25:42","modified_gmt":"2026-08-20T19:25:42","slug":"factura-electronica-y-declaracion-de-renta","status":"publish","type":"post","link":"https:\/\/www.cadena.com.co\/en\/blog\/factura-electronica-y-declaracion-de-renta\/","title":{"rendered":"\u00bfQu\u00e9 tiene que ver la factura electr\u00f3nica con la declaraci\u00f3n de renta?"},"content":{"rendered":"<p class=\"wp-block-paragraph\"><em>La factura electr\u00f3nica es una herramienta que ahorra dinero en la declaraci\u00f3n de renta. El Gobierno colombiano permite deducir el 1% del valor de las compras soportadas con factura electr\u00f3nica pagadas por medios electr\u00f3nicos, hasta un tope de 240 UVT al a\u00f1o \u2014 que para 2026 equivalen a $12.569.760, con la UVT en $52.374. Para acceder al beneficio necesitas exigir la factura electr\u00f3nica en tus compras, pagar por medios electr\u00f3nicos (no en efectivo) y conservar los soportes durante el a\u00f1o fiscal.<\/em><\/p>\n\n\n\n<p class=\"wp-block-paragraph\">Cuando pensamos en la factura electr\u00f3nica, normalmente la asociamos con el cumplimiento normativo de las empresas: un documento que reemplaz\u00f3 al papel y que la DIAN exige para formalizar las ventas. Pero para las personas naturales declarantes de renta, la factura electr\u00f3nica cumple una funci\u00f3n adicional que muchas veces se pasa por alto: <strong>es la llave para acceder a un beneficio tributario real<\/strong>.<\/p>\n\n\n\n<p class=\"wp-block-paragraph\">As\u00ed funciona: por las compras de bienes o servicios que realices y que queden soportadas con factura electr\u00f3nica, puedes deducir el 1% del valor de esa compra en tu declaraci\u00f3n de renta. Es decir, cada vez que exiges tu factura electr\u00f3nica y pagas de forma electr\u00f3nica, est\u00e1s construyendo, factura a factura, un descuento que se refleja al final del a\u00f1o.<\/p>\n\n\n\n<h2 class=\"wp-block-heading\">\u00bfCu\u00e1nto puedes deducir con la factura electr\u00f3nica en 2026?<\/h2>\n\n\n\n<p class=\"wp-block-paragraph\">El beneficio tiene un tope: el valor total de las compras que puedes deducir no puede superar las <strong>240 UVT anuales<\/strong>. Con el valor de la UVT para el a\u00f1o gravable 2026 fijado por la DIAN en $52.374 pesos colombianos, ese tope equivale aproximadamente a <strong>$12.569.760<\/strong> al a\u00f1o.<\/p>\n\n\n\n<p class=\"wp-block-paragraph\">Esto significa que, si acumulas facturas electr\u00f3nicas por compras pagadas electr\u00f3nicamente hasta ese monto, podr\u00e1s deducir el 1% de ese valor, hasta cerca de $125.700, directamente en tu <a href=\"https:\/\/www.dian.gov.co\/Calendarios\/Calendario_Tributario_2026.pdf\" target=\"_blank\" rel=\"noopener\">declaraci\u00f3n de renta.<\/a><\/p>\n\n\n\n<h2 class=\"wp-block-heading\">\u00bfPara qu\u00e9 sirve exactamente la factura electr\u00f3nica en tu declaraci\u00f3n de renta?<\/h2>\n\n\n\n<p class=\"wp-block-paragraph\">M\u00e1s all\u00e1 de la deducci\u00f3n como tal, la factura electr\u00f3nica cumple tres funciones concretas dentro de tu proceso de declaraci\u00f3n:<\/p>\n\n\n\n<ul class=\"wp-block-list\">\n<li><strong>Es el soporte legal de la deducci\u00f3n.<\/strong> Sin la factura electr\u00f3nica no hay forma de demostrarle a la DIAN que la compra existi\u00f3 y que da derecho al beneficio.<\/li>\n\n\n\n<li><strong>Ordena y digitaliza tu informaci\u00f3n financiera.<\/strong> Al acumular tus facturas electr\u00f3nicas durante el a\u00f1o, ya tienes organizada la informaci\u00f3n que necesitas al momento de declarar, sin depender de recibos f\u00edsicos que se pierden o se borran.<\/li>\n\n\n\n<li><strong>Te da trazabilidad del gasto.<\/strong> Cada factura electr\u00f3nica queda registrada con fecha, valor y medio de pago, lo que facilita identificar qu\u00e9 compras son deducibles y cu\u00e1les no.<\/li>\n<\/ul>\n\n\n\n<h2 class=\"wp-block-heading\">\u00bfC\u00f3mo acceder al beneficio con la factura electr\u00f3nica?<\/h2>\n\n\n\n<ul class=\"wp-block-list\">\n<li>Solicita factura electr\u00f3nica en todos tus consumos. Desde el 1 de julio de 2024 la norma exige que todos los puntos de venta la entreguen, sin importar el valor de la compra.<\/li>\n\n\n\n<li>Paga con tarjeta d\u00e9bito, cr\u00e9dito o cualquier medio de pago electr\u00f3nico. Los pagos en efectivo no son v\u00e1lidos para acceder al beneficio.<\/li>\n\n\n\n<li>Verifica que la factura contenga tus datos obligatorios: nombres y apellidos del adquiriente, NIT o n\u00famero de identificaci\u00f3n, y que cumpla con los dem\u00e1s requisitos del sistema de facturaci\u00f3n electr\u00f3nica.<\/li>\n\n\n\n<li>Conserva tus facturas electr\u00f3nicas durante todo el a\u00f1o fiscal.<\/li>\n\n\n\n<li>Incluye el valor de las deducciones al momento de presentar tu declaraci\u00f3n de renta.<\/li>\n<\/ul>\n\n\n\n<p class=\"wp-block-paragraph\"><\/p>\n\n\n\n<p class=\"wp-block-paragraph\">Un llamado importante para los comerciantes: al emitir la <a href=\"https:\/\/www.cadena.com.co\/en\/facturacion-electronica\/\" target=\"_blank\" rel=\"noopener\">factura electr\u00f3nica<\/a> deben especificar claramente si la transacci\u00f3n se realiz\u00f3 por un medio de pago electr\u00f3nico. Si esa especificaci\u00f3n no queda registrada, el cliente no podr\u00e1 acceder al beneficio tributario, sin importar que haya pagado electr\u00f3nicamente.<\/p>\n\n\n\n<h2 class=\"wp-block-heading\">\u00bfQui\u00e9nes pueden acceder al beneficio?<\/h2>\n\n\n\n<p class=\"wp-block-paragraph\">Las personas naturales que tengan la calidad de declarantes del impuesto sobre la renta y complementarios.<\/p>\n\n\n\t\t<div data-elementor-type=\"container\" data-elementor-id=\"18846\" class=\"elementor elementor-18846\" data-elementor-post-type=\"elementor_library\">\n\t\t\t\t<div class=\"elementor-element elementor-element-6f8b0176 e-flex e-con-boxed e-con e-parent\" data-id=\"6f8b0176\" data-element_type=\"container\" data-e-type=\"container\" data-settings=\"{&quot;background_background&quot;:&quot;classic&quot;,&quot;jet_parallax_layout_list&quot;:[]}\">\n\t\t\t\t\t<div class=\"e-con-inner\">\n\t\t\t\t<div class=\"elementor-element elementor-element-f14d7da elementor-widget elementor-widget-heading\" data-id=\"f14d7da\" data-element_type=\"widget\" data-e-type=\"widget\" data-widget_type=\"heading.default\">\n\t\t\t\t<div class=\"elementor-widget-container\">\n\t\t\t\t\t<h5 class=\"elementor-heading-title elementor-size-default\">Operamos lo cr\u00edtico para que tu empresa no se detenga.<\/h5>\t\t\t\t<\/div>\n\t\t\t\t<\/div>\n\t\t\t\t<div class=\"elementor-element elementor-element-42d6399 elementor-align-center mi-contenedor-dinamico elementor-widget elementor-widget-button\" data-id=\"42d6399\" data-element_type=\"widget\" data-e-type=\"widget\" data-widget_type=\"button.default\">\n\t\t\t\t<div class=\"elementor-widget-container\">\n\t\t\t\t\t\t\t\t\t<div class=\"elementor-button-wrapper\">\n\t\t\t\t\t<a class=\"elementor-button elementor-button-link elementor-size-sm elementor-animation-grow\" href=\"https:\/\/www.cadena.com.co\/en\/\">\n\t\t\t\t\t\t<span class=\"elementor-button-content-wrapper\">\n\t\t\t\t\t\t\t\t\t<span class=\"elementor-button-text\"><b>Ver soluci\u00f3n<\/b><\/span>\n\t\t\t\t\t<\/span>\n\t\t\t\t\t<\/a>\n\t\t\t\t<\/div>\n\t\t\t\t\t\t\t\t<\/div>\n\t\t\t\t<\/div>\n\t\t\t\t\t<\/div>\n\t\t\t\t<\/div>\n\t\t\t\t<\/div>\n\t\t\n\n\n\n<h2 class=\"wp-block-heading\">Otros beneficios de la factura electr\u00f3nica<\/h2>\n\n\n\n<ul class=\"wp-block-list\">\n<li>Permite a los contribuyentes personas naturales usarla como deducci\u00f3n en el Impuesto sobre la Renta y Complementarios.<\/li>\n\n\n\n<li>Incentiva en la ciudadan\u00eda el h\u00e1bito de exigir la factura electr\u00f3nica en cada compra.<\/li>\n\n\n\n<li>Fortalece la cultura de expedici\u00f3n y solicitud de la factura electr\u00f3nica de venta.<\/li>\n\n\n\n<li>Impulsa la bancarizaci\u00f3n, lo que contribuye al desarrollo de la econom\u00eda formal.<\/li>\n<\/ul>\n\n\n\n<h2 class=\"wp-block-heading\">Solicitar y emitir factura electr\u00f3nica significa<\/h2>\n\n\n\n<ul class=\"wp-block-list\">\n<li><strong>Un derecho como consumidor:<\/strong> tienes derecho a recibir factura electr\u00f3nica por cualquier compra que realices, sin importar su valor.<\/li>\n\n\n\n<li><strong>Un deber como empresario:<\/strong> todo comerciante obligado a facturar electr\u00f3nicamente debe cumplir la normatividad, sin importar su tama\u00f1o o tiempo de constituci\u00f3n.<\/li>\n\n\n\n<li><strong>Un mayor control de las finanzas:<\/strong> aplica tanto a nivel empresarial como personal, y facilita el seguimiento del gasto durante el a\u00f1o.<\/li>\n<\/ul>\n\n\n\n<p class=\"wp-block-paragraph\">Los consumidores cada vez deben ser m\u00e1s conscientes de la importancia de la facturaci\u00f3n electr\u00f3nica, no solo como requisito legal, sino como una herramienta que puede representar un ahorro real en su declaraci\u00f3n de renta. Es momento de exigir tu factura electr\u00f3nica en cada compra y aprovechar el beneficio que ya est\u00e1 disponible.<\/p>\n\n\n\n<h2 class=\"wp-block-heading\">Preguntas frecuentes<\/h2>\n\n\n\n<p class=\"wp-block-paragraph\"><strong>\u00bfQu\u00e9 porcentaje puedo deducir con la factura electr\u00f3nica en mi declaraci\u00f3n de renta?<\/strong> Puedes deducir el 1% del valor de las compras soportadas con factura electr\u00f3nica y pagadas por medios electr\u00f3nicos, hasta un tope de 240 UVT al a\u00f1o.<\/p>\n\n\n\n<p class=\"wp-block-paragraph\"><strong>\u00bfCu\u00e1nto equivale el tope de 240 UVT en 2026?<\/strong> Con la UVT en $52.374 para el a\u00f1o gravable 2026, el tope de 240 UVT equivale aproximadamente a $12.569.760 en compras deducibles al a\u00f1o.<\/p>\n\n\n\n<p class=\"wp-block-paragraph\"><strong>\u00bfPuedo acceder al beneficio si pago en efectivo?<\/strong> No. El beneficio solo aplica cuando el pago se realiza por un medio de pago electr\u00f3nico como tarjeta d\u00e9bito, cr\u00e9dito u otros medios electr\u00f3nicos.<\/p>\n\n\n\n<p class=\"wp-block-paragraph\"><strong>\u00bfQui\u00e9nes pueden usar este beneficio?<\/strong> Las personas naturales que tengan la calidad de declarantes del impuesto sobre la renta y complementarios.<\/p>\n\n\n\n<p class=\"wp-block-paragraph\"><strong>\u00bfQu\u00e9 debo hacer durante el a\u00f1o para no perder este beneficio?<\/strong> Exigir la factura electr\u00f3nica en cada compra, verificar que el medio de pago quede correctamente especificado, y conservar todas las facturas electr\u00f3nicas durante el a\u00f1o fiscal para incluirlas en tu declaraci\u00f3n.<\/p>\n\n\n\n<p class=\"wp-block-paragraph\"><\/p>","protected":false},"excerpt":{"rendered":"<p>Por las compras que se realice y se reciba como soporte la factura electr\u00f3nica, se podr\u00e1 deducir el 1% del valor de esta en la declaraci\u00f3n de renta<\/p>","protected":false},"author":2,"featured_media":13408,"comment_status":"open","ping_status":"closed","sticky":false,"template":"","format":"standard","meta":{"inline_featured_image":false,"footnotes":""},"categories":[16],"tags":[],"class_list":["post-13406","post","type-post","status-publish","format-standard","has-post-thumbnail","hentry","category-innovacion"],"_links":{"self":[{"href":"https:\/\/www.cadena.com.co\/en\/wp-json\/wp\/v2\/posts\/13406","targetHints":{"allow":["GET"]}}],"collection":[{"href":"https:\/\/www.cadena.com.co\/en\/wp-json\/wp\/v2\/posts"}],"about":[{"href":"https:\/\/www.cadena.com.co\/en\/wp-json\/wp\/v2\/types\/post"}],"author":[{"embeddable":true,"href":"https:\/\/www.cadena.com.co\/en\/wp-json\/wp\/v2\/users\/2"}],"replies":[{"embeddable":true,"href":"https:\/\/www.cadena.com.co\/en\/wp-json\/wp\/v2\/comments?post=13406"}],"version-history":[{"count":4,"href":"https:\/\/www.cadena.com.co\/en\/wp-json\/wp\/v2\/posts\/13406\/revisions"}],"predecessor-version":[{"id":20250,"href":"https:\/\/www.cadena.com.co\/en\/wp-json\/wp\/v2\/posts\/13406\/revisions\/20250"}],"wp:featuredmedia":[{"embeddable":true,"href":"https:\/\/www.cadena.com.co\/en\/wp-json\/wp\/v2\/media\/13408"}],"wp:attachment":[{"href":"https:\/\/www.cadena.com.co\/en\/wp-json\/wp\/v2\/media?parent=13406"}],"wp:term":[{"taxonomy":"category","embeddable":true,"href":"https:\/\/www.cadena.com.co\/en\/wp-json\/wp\/v2\/categories?post=13406"},{"taxonomy":"post_tag","embeddable":true,"href":"https:\/\/www.cadena.com.co\/en\/wp-json\/wp\/v2\/tags?post=13406"}],"curies":[{"name":"wp","href":"https:\/\/api.w.org\/{rel}","templated":true}]}}